{"id":476064,"date":"2019-08-31T14:59:54","date_gmt":"2019-08-31T12:59:54","guid":{"rendered":"http:\/\/www.ivg.it\/?p=476064"},"modified":"2019-08-31T15:02:05","modified_gmt":"2019-08-31T13:02:05","slug":"finale-dalla-cantera-allesordio-in-prima-squadra-giornata-da-ricordare-per-gabriele-buttu-e-tommaso-fazio","status":"publish","type":"post","link":"https:\/\/staging.ivg.it\/2019\/08\/finale-dalla-cantera-allesordio-in-prima-squadra-giornata-da-ricordare-per-gabriele-buttu-e-tommaso-fazio\/","title":{"rendered":"Finale, dalla &#8220;cantera&#8221; all&#8217;esordio in prima squadra: giornata da ricordare per Gabriele Buttu e Tommaso Fazio"},"content":{"rendered":"<p><strong>Finale Ligure.<\/strong> Oggi pomeriggio<strong> il Finale torner\u00e0 in campo per la Coppa Italia di Eccellenza,<\/strong> affrontando, per la seconda giornata, a Genova Pontedecimo, il Campomorone Sant&#8217;Olcese.<\/p>\n<p>Risultato a parte (\u00e8 finita 1-2 per la Cairese), <strong>la scorsa domenica \u00e8 stata molto soddisfacente per tutto l\u2019ambiente giallorossobl\u00f9, in modo particolare per il settore giovanile.<\/strong><\/p>\n<p>Due ragazzi della \u201dcantera\u201d finalese,\u00a0ovvero il loanese<strong> Gabriele Buttu <\/strong>e il pietrese<strong> Tommaso Fazio, entrambi leva 2003, hanno avuto modo di esordire coi \u201cgrandi\u201d,<\/strong> dando dimostrazione di quanto lo spirito di sacrificio e l\u2019umilt\u00e0, uniti a indubbie capacit\u00e0 tecniche, possano sopperire alla differenza di et\u00e0, un fattore che mai ha inciso nelle scelte di mister Buttu, anche in passato.<\/p>\n<p><strong>Entrambi sono subentrati con personalit\u00e0, Buttu in aiuto al centrocampo e Fazio a proporsi con coraggio sulla fascia sinistra.<\/strong><\/p>\n<p>&#8220;Ci\u00f2 che non manca alle nostre &#8216;giovani speranze&#8217; \u00e8 proprio quest\u2019ultima dote, che nel calcio pu\u00f2 fare la differenza &#8211; dicono i dirigenti finalesi -. Tutto la famiglia giallorossobl\u00f9 si congratula con entrambi per questo bel traguardo raggiunto, con la speranza di poter vivere altri esordi con pi\u00f9 gioielli delle giovanili&#8221;.<\/p>\n","protected":false},"excerpt":{"rendered":"<p>I ragazzi, entrambi classe 2003, sono scesi in campo in Coppa Italia contro la Cairese<\/p>\n","protected":false},"author":18,"featured_media":0,"comment_status":"open","ping_status":"closed","sticky":false,"template":"","format":"standard","meta":{"footnotes":""},"categories":[45296,182,32],"tags":[85989,259,99032,64114],"class_list":["post-476064","post","type-post","status-publish","format-standard","hentry","category-copertina","category-calcio","category-sport","tag-calcio","tag-coppa-italia","tag-coppa-italia-eccellenza","tag-fbc-finale","post_cat_citta-finale-ligure","post_cat_citta-loano","post_cat_citta-pietra-ligure","post_tag_personaggi-gabriele-buttu","post_tag_personaggi-tommaso-fazio"],"amp_validity":null,"amp_enabled":true,"_links":{"self":[{"href":"https:\/\/staging.ivg.it\/ediapi\/wp\/v2\/posts\/476064","targetHints":{"allow":["GET"]}}],"collection":[{"href":"https:\/\/staging.ivg.it\/ediapi\/wp\/v2\/posts"}],"about":[{"href":"https:\/\/staging.ivg.it\/ediapi\/wp\/v2\/types\/post"}],"author":[{"embeddable":true,"href":"https:\/\/staging.ivg.it\/ediapi\/wp\/v2\/users\/18"}],"replies":[{"embeddable":true,"href":"https:\/\/staging.ivg.it\/ediapi\/wp\/v2\/comments?post=476064"}],"version-history":[{"count":0,"href":"https:\/\/staging.ivg.it\/ediapi\/wp\/v2\/posts\/476064\/revisions"}],"wp:attachment":[{"href":"https:\/\/staging.ivg.it\/ediapi\/wp\/v2\/media?parent=476064"}],"wp:term":[{"taxonomy":"category","embeddable":true,"href":"https:\/\/staging.ivg.it\/ediapi\/wp\/v2\/categories?post=476064"},{"taxonomy":"post_tag","embeddable":true,"href":"https:\/\/staging.ivg.it\/ediapi\/wp\/v2\/tags?post=476064"}],"curies":[{"name":"wp","href":"https:\/\/api.w.org\/{rel}","templated":true}]}}