{"id":475753,"date":"2019-08-27T08:00:57","date_gmt":"2019-08-27T06:00:57","guid":{"rendered":"http:\/\/www.ivg.it\/?p=475753"},"modified":"2019-08-27T08:00:57","modified_gmt":"2019-08-27T06:00:57","slug":"albisola-auto-finisce-sul-fianco-del-lato-guidatore-coppia-in-ospedale","status":"publish","type":"post","link":"https:\/\/staging.ivg.it\/2019\/08\/albisola-auto-finisce-sul-fianco-del-lato-guidatore-coppia-in-ospedale\/","title":{"rendered":"Albisola, auto finisce sul fianco del lato guidatore: coppia in ospedale"},"content":{"rendered":"<p><strong>Albisola Superiore.<\/strong> Incidente nella serata di ieri, poco dopo le 23, in via Alessandria ad Albisola Superiore dove l&#8217;auto su cui viaggiava una coppia di anziani si \u00e8 ribaltata sul fianco del lato del guidatore.<\/p>\n<p>Per soccorrere i due occupanti della vettura, ottantenne lui e settantenne lei, sono intervenute le ambulanze della Croce Verde di Albisola e i vigili del fuoco. Fortunatamente le condizioni dei coniugi non erano preoccupanti e sono stati accompagnati entrambi, in via precauzionale, all&#8217;ospedale San Paolo di Savona in codice giallo.<\/p>\n<p>Ancora da chiarire invece la dinamica esatta dell&#8217;incidente: sembra che a causare il ribaltamento sia stata un&#8217;improvvisa sterzata del guidatore dovuta forse all&#8217;esigenza di evitare un altro veicolo oppure un ostacolo.<\/p>\n<p>Poco prima delle 23, stavolta a Savona, si era verificato anche un altro incidente, in corso Tardy e Benech, dove il conducente di un&#8217;auto ha perso il controllo ed \u00e8 finito contro altre quattro vetture parcheggiate lungo il viale. Fortunatamente nessuno \u00e8 rimasto ferito in modo grave, ma i danni causati ai veicoli sono stati ingenti. <div class=\"single-img-content-container fullwidth-single shortcode standard\">\n    <div class=\"image_container\" style=\"text-align: center;\">\n        <picture class=\" lazyload\"><img loading=\"lazy\" class=\"lazy\" data-srcset=\"https:\/\/www.ivg.it\/photogallery_new\/images\/2019\/08\/incidente-stradale-572030.jpg 1024w, https:\/\/www.ivg.it\/photogallery_new\/images\/2019\/08\/incidente-stradale-572030.jpg 970w, https:\/\/www.ivg.it\/photogallery_new\/images\/2019\/08\/incidente-stradale-572030.jpg 660w, https:\/\/www.ivg.it\/photogallery_new\/images\/2019\/08\/incidente-stradale-572030.jpg 316w, https:\/\/www.ivg.it\/photogallery_new\/images\/2019\/08\/incidente-stradale-572030.jpg 150w\"  data-src=\"https:\/\/www.ivg.it\/photogallery_new\/images\/2019\/08\/incidente-stradale-572030.jpg\" alt=\"incidente stradale\" \/><\/picture>\r\n\n    <\/div>\n    <\/div>\n<\/p>\n","protected":false},"excerpt":{"rendered":"<p>L&#8217;incidente \u00e8 avvenuto in via Alessandria. A Savona invece si \u00e8 verificato un altro incidente: il conducente di una vettura ha perso il controllo ed \u00e8 finito contro le auto parcheggiate<\/p>\n","protected":false},"author":2394,"featured_media":0,"comment_status":"open","ping_status":"closed","sticky":false,"template":"","format":"standard","meta":{"footnotes":""},"categories":[34],"tags":[3123],"class_list":["post-475753","post","type-post","status-publish","format-standard","hentry","category-cronaca","tag-incidente-stradale","post_cat_citta-albisola-superiore","post_cat_citta-savona"],"amp_validity":null,"amp_enabled":true,"_links":{"self":[{"href":"https:\/\/staging.ivg.it\/ediapi\/wp\/v2\/posts\/475753","targetHints":{"allow":["GET"]}}],"collection":[{"href":"https:\/\/staging.ivg.it\/ediapi\/wp\/v2\/posts"}],"about":[{"href":"https:\/\/staging.ivg.it\/ediapi\/wp\/v2\/types\/post"}],"author":[{"embeddable":true,"href":"https:\/\/staging.ivg.it\/ediapi\/wp\/v2\/users\/2394"}],"replies":[{"embeddable":true,"href":"https:\/\/staging.ivg.it\/ediapi\/wp\/v2\/comments?post=475753"}],"version-history":[{"count":0,"href":"https:\/\/staging.ivg.it\/ediapi\/wp\/v2\/posts\/475753\/revisions"}],"wp:attachment":[{"href":"https:\/\/staging.ivg.it\/ediapi\/wp\/v2\/media?parent=475753"}],"wp:term":[{"taxonomy":"category","embeddable":true,"href":"https:\/\/staging.ivg.it\/ediapi\/wp\/v2\/categories?post=475753"},{"taxonomy":"post_tag","embeddable":true,"href":"https:\/\/staging.ivg.it\/ediapi\/wp\/v2\/tags?post=475753"}],"curies":[{"name":"wp","href":"https:\/\/api.w.org\/{rel}","templated":true}]}}