{"id":475288,"date":"2019-08-20T15:37:02","date_gmt":"2019-08-20T13:37:02","guid":{"rendered":"http:\/\/www.ivg.it\/?p=475288"},"modified":"2019-08-20T16:25:52","modified_gmt":"2019-08-20T14:25:52","slug":"il-centro-atletica-di-celle-piange-la-scomparsa-del-presidente-onorario-flavio-crescione","status":"publish","type":"post","link":"https:\/\/staging.ivg.it\/2019\/08\/il-centro-atletica-di-celle-piange-la-scomparsa-del-presidente-onorario-flavio-crescione\/","title":{"rendered":"Il Centro Atletica di Celle piange la scomparsa del presidente onorario Flavio Crescione"},"content":{"rendered":"<p><strong>Celle Ligure. <\/strong>Lutto nel mondo dell&#8217;atletica e dello sport savonese: \u00e8 mancato Flavio Crescione, presidente per moltissimi anni del Centro Atletica Celle Ligure e, per un mandato, consigliere regionale Fidal.<\/p>\n<p>Flavio da alcuni anni aveva lasciato la guida della societ\u00e0 cellese ad Angelo Marchese, venendo quindi a ricoprire la carica di presidente onorario.<\/p>\n<p>&#8220;Al di l\u00e0 dei &#8220;titoli&#8221; Flavio \u00e8 stato per lungo tempo l&#8217;amico, il punto di riferimento costante, la persona sempre pronta ad ascoltare ed a consigliare &#8211; affermano dalla societ\u00e0 sportova cellese -. Ha fornito un grande apporto rispetto al molto che \u00e8 stato possibile realizzare nella piccola realt\u00e0 locale di Celle Ligure, contribuendo a portarla in uno scenario ben pi\u00f9 ampio nel contesto mondiale, grazie al Meeting Arcobaleno AtleticaEuropa ed ai molteplici contatti attivati attraverso l&#8217;evento clou tra le centinaia promosse dal CACL&#8221;.<\/p>\n<p>&#8220;Sempre sorridente, una figura positiva in ogni occasione, anche quando le cose non giravano al meglio. Lo ricordiamo cos\u00ec&#8221;.<\/p>\n<p>Flavio lascia i figli Francesca e Stefano, cui siamo tutti vicini in questo difficile passaggio. I funerali avranno luogo domani, mercoled\u00ec 21 agosto, alle ore 10 presso la Chiesa Parrocchiale di San Giovanni a Carcare.<\/p>\n<p><em>nella foto Flavio alla premiazione di una gara giovanile del 30\u00b0 Meeting Arcobaleno (3 luglio 2018)<\/em><\/p>\n","protected":false},"excerpt":{"rendered":"<p>I funerali avranno luogo domani, mercoled\u00ec 21 agosto, alle ore 10 presso la Chiesa Parrocchiale di San Giovanni a Carcare<\/p>\n","protected":false},"author":4,"featured_media":0,"comment_status":"open","ping_status":"closed","sticky":false,"template":"","format":"standard","meta":{"footnotes":""},"categories":[45296,47716,34,32],"tags":[7965,1220],"class_list":["post-475288","post","type-post","status-publish","format-standard","hentry","category-copertina","category-atletica-sport","category-cronaca","category-sport","tag-centro-atletica-celle-ligure","tag-lutto","post_cat_citta-celle-ligure","post_tag_personaggi-flavio-crescione"],"amp_validity":null,"amp_enabled":true,"_links":{"self":[{"href":"https:\/\/staging.ivg.it\/ediapi\/wp\/v2\/posts\/475288","targetHints":{"allow":["GET"]}}],"collection":[{"href":"https:\/\/staging.ivg.it\/ediapi\/wp\/v2\/posts"}],"about":[{"href":"https:\/\/staging.ivg.it\/ediapi\/wp\/v2\/types\/post"}],"author":[{"embeddable":true,"href":"https:\/\/staging.ivg.it\/ediapi\/wp\/v2\/users\/4"}],"replies":[{"embeddable":true,"href":"https:\/\/staging.ivg.it\/ediapi\/wp\/v2\/comments?post=475288"}],"version-history":[{"count":0,"href":"https:\/\/staging.ivg.it\/ediapi\/wp\/v2\/posts\/475288\/revisions"}],"wp:attachment":[{"href":"https:\/\/staging.ivg.it\/ediapi\/wp\/v2\/media?parent=475288"}],"wp:term":[{"taxonomy":"category","embeddable":true,"href":"https:\/\/staging.ivg.it\/ediapi\/wp\/v2\/categories?post=475288"},{"taxonomy":"post_tag","embeddable":true,"href":"https:\/\/staging.ivg.it\/ediapi\/wp\/v2\/tags?post=475288"}],"curies":[{"name":"wp","href":"https:\/\/api.w.org\/{rel}","templated":true}]}}