{"id":475170,"date":"2019-08-19T08:15:36","date_gmt":"2019-08-19T06:15:36","guid":{"rendered":"http:\/\/www.ivg.it\/?p=475170"},"modified":"2019-08-19T18:14:24","modified_gmt":"2019-08-19T16:14:24","slug":"pietra-si-prepara-alla-sua-fashion-night-con-jo-squillo","status":"publish","type":"post","link":"https:\/\/staging.ivg.it\/2019\/08\/pietra-si-prepara-alla-sua-fashion-night-con-jo-squillo\/","title":{"rendered":"Pietra si prepara alla sua &#8220;Fashion night&#8221; con Jo Squillo"},"content":{"rendered":"<p><strong>Pietra Ligure.<\/strong> Il 25 agosto, dalle ore 21,30, il grande palcoscenico e la passerella in piazza San Nicol\u00f2 si animer\u00e0 con la &#8220;Fashion Night&#8221; che vedr\u00e0 protagoniste le sfilate di prestigiose e rinomate boutique di Pietra Ligure. &#8220;Ma la grande sorpresa &#8211; spiega Renata Gibbone presidente dell\u2019associazione organizzatrice dell\u2019evento, Facciamo Centro &#8211; sar\u00e0 la conduzione della serata&#8221;.<\/p>\n<p>La notte del fascino e dell\u2019eleganza sar\u00e0 presentata infatti da Jo Squillo, cantante e showgirl, ma anche conduttrice di grande talento e sensibilit\u00e0, amatissima dal pubblico per la sua esuberanza e proverbiale intraprendenza. Chi non ricorda il suo tormentone musicale \u201cSiamo donne\u201d ma per Jo Squillo oltre le gambe effettivamente c\u2019\u00e8 molto di pi\u00f9: \u00e8 stata eletta donna simbolo della lotta al maschilismo e negli anni 2000, ha assunto l\u2019importante ruolo di portavoce della battaglia contro la violenza sulle donne. Socialmente impegnatissima e dall\u2019animo sensibile, non ha mai smesso di stregare pubblico e critica e la sera del 25 agosto incanter\u00e0 la piazza con le sue performance unitamente al corpo di ballo che si esibir\u00e0 con lei.<\/p>\n<p>&#8220;La serata prevede la realizzazione di programmi speciali che andranno in onda su Rete 4, Canale 5, La 5, Class Tv, Moda Sky 180 e Class Cnbc Canale Sky 507. Oltre alle proposte moda autunno inverno, non mancheranno altri ospiti d\u2019eccezione &#8211; prosegue la presidente di Facciamo Centro &#8211; come Nicole Magolie affascinante interprete sudafricana dalla grande presenza scenica e vocalit\u00e0 straordinaria accompagnata da Gabriele Gentile noto al grande pubblico per la sua brillante carriera televisiva, e la piccola Aurora reduce dai successi di &#8216;Ballando con le stelle 2019&#8217; di Milly Carlucci ma per scoprire le tante tante altre sorprese bisogna assolutamente non mancare all\u2019appuntamento in P.zza San Nicolo del 25 Agosto&#8221;.<\/p>\n<p>L\u2019evento \u00e8 organizzato dall\u2019associazione Facciamo Centro e dal comune di Pietra Ligure.<br \/>\nInfo e prevendite biglietti presso Ottica Pietrese in piazza San Nicol\u00f2 e il Giardino di Dafne di via Garibaldi.<\/p>\n","protected":false},"excerpt":{"rendered":"<p>Una serata di moda, danza e musica promossa dall&#8217;associazione &#8220;Facciamo Centro&#8221;<\/p>\n","protected":false},"author":2394,"featured_media":0,"comment_status":"open","ping_status":"closed","sticky":false,"template":"","format":"standard","meta":{"footnotes":""},"categories":[56],"tags":[103378],"class_list":["post-475170","post","type-post","status-publish","format-standard","hentry","category-altre","tag-fashion-night-pietra-ligure","post_cat_citta-pietra-ligure","post_tag_personaggi-jo-squillo"],"amp_validity":null,"amp_enabled":true,"_links":{"self":[{"href":"https:\/\/staging.ivg.it\/ediapi\/wp\/v2\/posts\/475170","targetHints":{"allow":["GET"]}}],"collection":[{"href":"https:\/\/staging.ivg.it\/ediapi\/wp\/v2\/posts"}],"about":[{"href":"https:\/\/staging.ivg.it\/ediapi\/wp\/v2\/types\/post"}],"author":[{"embeddable":true,"href":"https:\/\/staging.ivg.it\/ediapi\/wp\/v2\/users\/2394"}],"replies":[{"embeddable":true,"href":"https:\/\/staging.ivg.it\/ediapi\/wp\/v2\/comments?post=475170"}],"version-history":[{"count":0,"href":"https:\/\/staging.ivg.it\/ediapi\/wp\/v2\/posts\/475170\/revisions"}],"wp:attachment":[{"href":"https:\/\/staging.ivg.it\/ediapi\/wp\/v2\/media?parent=475170"}],"wp:term":[{"taxonomy":"category","embeddable":true,"href":"https:\/\/staging.ivg.it\/ediapi\/wp\/v2\/categories?post=475170"},{"taxonomy":"post_tag","embeddable":true,"href":"https:\/\/staging.ivg.it\/ediapi\/wp\/v2\/tags?post=475170"}],"curies":[{"name":"wp","href":"https:\/\/api.w.org\/{rel}","templated":true}]}}