{"id":475089,"date":"2019-08-17T09:46:45","date_gmt":"2019-08-17T07:46:45","guid":{"rendered":"http:\/\/www.ivg.it\/?p=475089"},"modified":"2019-08-17T10:39:07","modified_gmt":"2019-08-17T08:39:07","slug":"raro-esemplare-di-piro-piro-boschereccio-soccorso-a-savona-dallenpa","status":"publish","type":"post","link":"https:\/\/staging.ivg.it\/2019\/08\/raro-esemplare-di-piro-piro-boschereccio-soccorso-a-savona-dallenpa\/","title":{"rendered":"Raro esemplare di piro piro boschereccio soccorso a Savona dall&#8217;Enpa"},"content":{"rendered":"<p><strong>Savona<\/strong>. Un raro esemplare di piro piro boschereccio \u00e8 stato soccorso dai volontari della Protezione Animali alla foce di uno dei torrentelli di Savona, nel quartiere di Legino.<\/p>\n<p>&#8220;Quasi certamente proveniva dal nord Europa ed il lungo viaggio deve averlo stremato, al punto da scendere a terra, nella prima zona ritenuta idonea per una sosta; \u00e8 ora in cura per essere rinvigorito e poter riprendere il volo al pi\u00f9 presto verso luoghi di svernamento&#8221; spiegano i volontari dell&#8217;associazione animalista.<\/p>\n<p>&#8220;Animale poco appariscente ed elusivo, in Italia \u00e8 solo in transito per la migrazione da nord a sud e viceversa ma \u00e8 importante come zona di sosta dove, in paludi, stagni e zone umide fa il pieno di lombrichi, larve insetti, ragni e vegetali; a differenza di molte altre specie selvatiche, i cambiamenti climatici in corso sono per lui sfavorevoli e, assieme alla diffusa scomparsa o riduzione delle zone umide, sono la ragione del suo preoccupante calo numerico iniziato fin dalla met\u00e0 del secolo scorso&#8221; proseguono dall&#8217;Enpa di Savona.<\/p>\n<p>&#8220;Il soccorso della fauna selvatica in difficolt\u00e0, attuato in provincia di Savona solo dai volontari della Protezione Animali quasi esclusivamente con mezzi propri (l&#8217;associazione \u00e8 privata e non governativa e conta solo su un contributo regionale largamente insufficiente) \u00e8 importantissimo, soprattutto in Liguria, per la tanto declamata &#8220;difesa della biodiversit\u00e0&#8221;; ed Enpa sollecita ancora una volta la Regione Liguria ad organizzare, come deve per legge, il servizio con mezzi e risorse adeguate, non solo in vaste zone della regione dove nessuno se ne occupa, ma anche nel savonese dove, come il piro piro arrivato, i volontari sono allo stremo delle forze, fisiche ed economiche&#8221; concludono i volontari dell&#8217;associazione animalista.<\/p>\n","protected":false},"excerpt":{"rendered":"<p>Quasi certamente proveniva dal sud e la lunga traversata deve averlo stremato, una volta ristabilito sar\u00e0 liberato<\/p>\n","protected":false},"author":2394,"featured_media":0,"comment_status":"open","ping_status":"closed","sticky":false,"template":"","format":"standard","meta":{"footnotes":""},"categories":[57713],"tags":[29794],"class_list":["post-475089","post","type-post","status-publish","format-standard","hentry","category-animali","tag-enpa-savona","post_cat_citta-savona"],"amp_validity":null,"amp_enabled":true,"_links":{"self":[{"href":"https:\/\/staging.ivg.it\/ediapi\/wp\/v2\/posts\/475089","targetHints":{"allow":["GET"]}}],"collection":[{"href":"https:\/\/staging.ivg.it\/ediapi\/wp\/v2\/posts"}],"about":[{"href":"https:\/\/staging.ivg.it\/ediapi\/wp\/v2\/types\/post"}],"author":[{"embeddable":true,"href":"https:\/\/staging.ivg.it\/ediapi\/wp\/v2\/users\/2394"}],"replies":[{"embeddable":true,"href":"https:\/\/staging.ivg.it\/ediapi\/wp\/v2\/comments?post=475089"}],"version-history":[{"count":0,"href":"https:\/\/staging.ivg.it\/ediapi\/wp\/v2\/posts\/475089\/revisions"}],"wp:attachment":[{"href":"https:\/\/staging.ivg.it\/ediapi\/wp\/v2\/media?parent=475089"}],"wp:term":[{"taxonomy":"category","embeddable":true,"href":"https:\/\/staging.ivg.it\/ediapi\/wp\/v2\/categories?post=475089"},{"taxonomy":"post_tag","embeddable":true,"href":"https:\/\/staging.ivg.it\/ediapi\/wp\/v2\/tags?post=475089"}],"curies":[{"name":"wp","href":"https:\/\/api.w.org\/{rel}","templated":true}]}}