{"id":475004,"date":"2019-08-15T12:21:22","date_gmt":"2019-08-15T10:21:22","guid":{"rendered":"http:\/\/www.ivg.it\/?p=475004"},"modified":"2019-08-15T12:21:22","modified_gmt":"2019-08-15T10:21:22","slug":"albenga-viene-colpito-da-una-bottigliata-in-discoteca-gli-amici-danneggiano-una-vetrata-dellospedale","status":"publish","type":"post","link":"https:\/\/staging.ivg.it\/2019\/08\/albenga-viene-colpito-da-una-bottigliata-in-discoteca-gli-amici-danneggiano-una-vetrata-dellospedale\/","title":{"rendered":"Albenga, viene colpito da una bottigliata in discoteca: gli amici danneggiano una vetrata dell&#8217;ospedale"},"content":{"rendered":"<p><strong>Albenga<\/strong>. Nottata pre-Ferragosto super movimentata per i carabinieri della compagnia di Albenga e il personale del 118, costretti a fare la &#8220;spola&#8221; tra i locali notturni della riviera di Ponente per via di numerosi, spiacevoli episodi.<\/p>\n<p>In una discoteca della zona \u00e8 stato denunciato il furto di uno smartphone, ma a tenere impegnate le forze dell&#8217;ordine sono stati soprattutto episodi di violenza all&#8217;interno dei locali notturni.<\/p>\n<p>Fatto pi\u00f9 significativo \u00e8 quello che ha visto protagonista, suo malgrado, un giovane colpito alla testa da un altro con una bottigliata.<\/p>\n<p>Immediata la chiamata ai soccorsi. Il ragazzo, accompagnato dagli amici, \u00e8 stato trasportato in ospedale. Una volta l\u00ec, per\u00f2, sono stati gli amici che erano con lui a dare in escandescenze.<\/p>\n<p>Probabilmente sotto i fumi dell&#8217;alcool e, complice l&#8217;adrenalina, si sono alterati perch\u00e9 il personale medico non avrebbe visitato immediatamente l&#8217;amico ferito e hanno pesantemente danneggiato una vetrata del pronto soccorso.<\/p>\n<p>A quel punto sono intervenuti nuovamente i carabinieri, che li hanno identificati. Risponderanno dei reati di cui si sono resi protagonisti, al momento al vaglio degli inquirenti.<\/p>\n","protected":false},"excerpt":{"rendered":"<p>Erano alterati perch\u00e9 i medici non hanno immediatamente visitato l&#8217;amico<\/p>\n","protected":false},"author":2394,"featured_media":0,"comment_status":"open","ping_status":"closed","sticky":false,"template":"","format":"standard","meta":{"footnotes":""},"categories":[34],"tags":[228,1305],"class_list":["post-475004","post","type-post","status-publish","format-standard","hentry","category-cronaca","tag-carabinieri","tag-danneggiamenti"],"amp_validity":null,"amp_enabled":true,"_links":{"self":[{"href":"https:\/\/staging.ivg.it\/ediapi\/wp\/v2\/posts\/475004","targetHints":{"allow":["GET"]}}],"collection":[{"href":"https:\/\/staging.ivg.it\/ediapi\/wp\/v2\/posts"}],"about":[{"href":"https:\/\/staging.ivg.it\/ediapi\/wp\/v2\/types\/post"}],"author":[{"embeddable":true,"href":"https:\/\/staging.ivg.it\/ediapi\/wp\/v2\/users\/2394"}],"replies":[{"embeddable":true,"href":"https:\/\/staging.ivg.it\/ediapi\/wp\/v2\/comments?post=475004"}],"version-history":[{"count":0,"href":"https:\/\/staging.ivg.it\/ediapi\/wp\/v2\/posts\/475004\/revisions"}],"wp:attachment":[{"href":"https:\/\/staging.ivg.it\/ediapi\/wp\/v2\/media?parent=475004"}],"wp:term":[{"taxonomy":"category","embeddable":true,"href":"https:\/\/staging.ivg.it\/ediapi\/wp\/v2\/categories?post=475004"},{"taxonomy":"post_tag","embeddable":true,"href":"https:\/\/staging.ivg.it\/ediapi\/wp\/v2\/tags?post=475004"}],"curies":[{"name":"wp","href":"https:\/\/api.w.org\/{rel}","templated":true}]}}