{"id":47492,"date":"2009-01-21T09:18:54","date_gmt":"2009-01-21T08:18:54","guid":{"rendered":"http:\/\/www.ivg.it\/2009\/01\/21\/savona-estesi-i-vantaggi-per-i-parcheggi-a-tempo\/"},"modified":"2009-01-21T17:53:40","modified_gmt":"2009-01-21T16:53:40","slug":"savona-estesi-i-vantaggi-per-i-parcheggi-a-tempo","status":"publish","type":"post","link":"https:\/\/staging.ivg.it\/2009\/01\/savona-estesi-i-vantaggi-per-i-parcheggi-a-tempo\/","title":{"rendered":"Savona, estesi i vantaggi per i parcheggi a tempo"},"content":{"rendered":"<p><strong>[thumb:1500:l]Savona<\/strong>.  La giunta comunale di Savona ha approvato l&#8217;estensione per i residenti nelle vie Beato Ottaviano, Bonifacio del Vasto, via e piazza Amendola, via della Tagliata, dei benefici e delle agevolazioni istituite per i cittadini residenti in zone dove hanno sede i parcheggi regolamentati a tempo.<\/p>\n<p>Afferma l&#8217;assessore all&#8217;urbanistica Livio Di Tullio: &#8220;Ccon l&#8217;imminente inizio dei lavori per la realizzazione di box interrati e la sistemazione a parco urbano in via Beato Ottaviano, i posteggi a disposizione della popolazione ivi residente, gi\u00e0 di per s\u00e8  appena sufficienti a soddisfare l&#8217;attuale domanda di posteggi, saranno occupati dal cantiere. Per questo abbiamo ritenuto opportuno individuare soluzioni alternative al fine di agevolare la sosta dei cittadini residenti nella zona interessata ai lavori&#8221;.<\/p>\n<p>Per questa agevolazione verr\u00e0 utilizzato un idoneo contrassegno. La validit\u00e0 del contrassegno sar\u00e0 a tempo determinato e decadr\u00e0 al termine dei lavori del cantiere.<\/p>\n","protected":false},"excerpt":{"rendered":"<p>[thumb:1500:l]Savona. La giunta comunale di Savona ha approvato l&#8217;estensione per i residenti nelle vie Beato Ottaviano, Bonifacio del Vasto, via e piazza Amendola, via della Tagliata, dei benefici e delle agevolazioni istituite per i cittadini residenti in zone dove hanno sede i parcheggi regolamentati a tempo. Afferma l&#8217;assessore all&#8217;urbanistica Livio Di Tullio: &#8220;Ccon l&#8217;imminente inizio [&hellip;]<\/p>\n","protected":false},"author":13744,"featured_media":0,"comment_status":"open","ping_status":"closed","sticky":false,"template":"","format":"standard","meta":{"footnotes":""},"categories":[],"tags":[2734,1721,691,1816],"class_list":["post-47492","post","type-post","status-publish","format-standard","hentry","tag-assessore","tag-giunta-comunale","tag-parcheggi","tag-urbanistica","post_cat_citta-savona"],"amp_validity":null,"amp_enabled":true,"_links":{"self":[{"href":"https:\/\/staging.ivg.it\/ediapi\/wp\/v2\/posts\/47492","targetHints":{"allow":["GET"]}}],"collection":[{"href":"https:\/\/staging.ivg.it\/ediapi\/wp\/v2\/posts"}],"about":[{"href":"https:\/\/staging.ivg.it\/ediapi\/wp\/v2\/types\/post"}],"author":[{"embeddable":true,"href":"https:\/\/staging.ivg.it\/ediapi\/wp\/v2\/users\/13744"}],"replies":[{"embeddable":true,"href":"https:\/\/staging.ivg.it\/ediapi\/wp\/v2\/comments?post=47492"}],"version-history":[{"count":0,"href":"https:\/\/staging.ivg.it\/ediapi\/wp\/v2\/posts\/47492\/revisions"}],"wp:attachment":[{"href":"https:\/\/staging.ivg.it\/ediapi\/wp\/v2\/media?parent=47492"}],"wp:term":[{"taxonomy":"category","embeddable":true,"href":"https:\/\/staging.ivg.it\/ediapi\/wp\/v2\/categories?post=47492"},{"taxonomy":"post_tag","embeddable":true,"href":"https:\/\/staging.ivg.it\/ediapi\/wp\/v2\/tags?post=47492"}],"curies":[{"name":"wp","href":"https:\/\/api.w.org\/{rel}","templated":true}]}}