{"id":47489,"date":"2009-01-21T09:11:35","date_gmt":"2009-01-21T08:11:35","guid":{"rendered":"http:\/\/www.ivg.it\/2009\/01\/21\/a-cairo-il-terzo-incontro-della-rete-dei-movimenti-liguri\/"},"modified":"2009-01-21T13:50:31","modified_gmt":"2009-01-21T12:50:31","slug":"a-cairo-il-terzo-incontro-della-rete-dei-movimenti-liguri","status":"publish","type":"post","link":"https:\/\/staging.ivg.it\/2009\/01\/a-cairo-il-terzo-incontro-della-rete-dei-movimenti-liguri\/","title":{"rendered":"A Cairo il terzo incontro della Rete dei Movimenti Liguri"},"content":{"rendered":"<p><strong>[thumb:7967:l]Cairo Montenotte<\/strong>. Sabato 24 gennaio a Cairo si svolger\u00e0 il terzo incontro della Rete dei Movimenti Liguri. L&#8217;appuntamento, che segue quello di ottobre a Vado Ligure e di novembre a Ceriale, si propone di creare un&#8217;occasione di confronto, di impegno comune, scambio di idee, progetti, informazioni, saperi tra comitati, associazioni, gruppi. Movimenti, appunto, che &#8211; specificano gli organizzatori &#8211; &#8220;sono accomunati dalla battaglia contro un modello di sviluppo che distrugge il territorio, cancella i beni comuni e i diritti, pone la guerra e l&#8217;illegalit\u00e0 come strumenti accettati ed accettabili&#8221;. L&#8217;incontro si terr\u00e0 dalle ore 14,30 alle ore 18,00 presso il Palazzo di Citt\u00e0, Sala Multimediale.<\/p>\n<p>Alla Rete hanno finora aderito: Are Vallebormida (Cairo Montenotte), Citt\u00e0 Partecipata (Sestri Levante), Sanremo Sostenibile (Sanremo), Comitato Territoriale Savonese per il Contratto Mondiale sull&#8217;Acqua, Casa dei Circoli, Culture e Popoli (Ceriale), Citt\u00e0 Partecipata (Genova), Comitato Acquasola (Genova), Coordinamento Comitati Genovesi, Associazione Italia Cuba (Ceriale), Confcooperative (Imperia), Vivere Vado (Vado Ligure), Bottega del Mercato Ecquo e Solidale (Finale Ligure), Associazione Nuova Solidariet\u00e0 (Finale Ligure), Associazione Progetto Continenti, Circoscrizione Banca Etica Savona-Imperia, Cobas. In occasione dell&#8217;incontro verr\u00e0 discusso e approfondito un &#8220;Manifesto di intenti&#8221;.<\/p>\n","protected":false},"excerpt":{"rendered":"<p>[thumb:7967:l]Cairo Montenotte. Sabato 24 gennaio a Cairo si svolger\u00e0 il terzo incontro della Rete dei Movimenti Liguri. L&#8217;appuntamento, che segue quello di ottobre a Vado Ligure e di novembre a Ceriale, si propone di creare un&#8217;occasione di confronto, di impegno comune, scambio di idee, progetti, informazioni, saperi tra comitati, associazioni, gruppi. Movimenti, appunto, che &#8211; [&hellip;]<\/p>\n","protected":false},"author":5,"featured_media":0,"comment_status":"open","ping_status":"closed","sticky":false,"template":"","format":"standard","meta":{"footnotes":""},"categories":[31],"tags":[2956,1694,4050],"class_list":["post-47489","post","type-post","status-publish","format-standard","hentry","category-politica","tag-associazione","tag-comitato","tag-diritti","post_cat_citta-cairo-montenotte"],"amp_validity":null,"amp_enabled":true,"_links":{"self":[{"href":"https:\/\/staging.ivg.it\/ediapi\/wp\/v2\/posts\/47489","targetHints":{"allow":["GET"]}}],"collection":[{"href":"https:\/\/staging.ivg.it\/ediapi\/wp\/v2\/posts"}],"about":[{"href":"https:\/\/staging.ivg.it\/ediapi\/wp\/v2\/types\/post"}],"author":[{"embeddable":true,"href":"https:\/\/staging.ivg.it\/ediapi\/wp\/v2\/users\/5"}],"replies":[{"embeddable":true,"href":"https:\/\/staging.ivg.it\/ediapi\/wp\/v2\/comments?post=47489"}],"version-history":[{"count":0,"href":"https:\/\/staging.ivg.it\/ediapi\/wp\/v2\/posts\/47489\/revisions"}],"wp:attachment":[{"href":"https:\/\/staging.ivg.it\/ediapi\/wp\/v2\/media?parent=47489"}],"wp:term":[{"taxonomy":"category","embeddable":true,"href":"https:\/\/staging.ivg.it\/ediapi\/wp\/v2\/categories?post=47489"},{"taxonomy":"post_tag","embeddable":true,"href":"https:\/\/staging.ivg.it\/ediapi\/wp\/v2\/tags?post=47489"}],"curies":[{"name":"wp","href":"https:\/\/api.w.org\/{rel}","templated":true}]}}