{"id":474558,"date":"2019-08-09T16:06:26","date_gmt":"2019-08-09T14:06:26","guid":{"rendered":"http:\/\/www.ivg.it\/?p=474558"},"modified":"2019-08-09T16:06:56","modified_gmt":"2019-08-09T14:06:56","slug":"concerti-rievocazioni-storiche-balli-di-gruppo-e-gastronomia-unestasi-di-eventi-nel-fine-settimana-in-provincia","status":"publish","type":"post","link":"https:\/\/staging.ivg.it\/2019\/08\/concerti-rievocazioni-storiche-balli-di-gruppo-e-gastronomia-unestasi-di-eventi-nel-fine-settimana-in-provincia\/","title":{"rendered":"Concerti, rievocazioni storiche, balli di gruppo e gastronomia: un&#8217;estasi di eventi nel fine settimana in provincia"},"content":{"rendered":"<p><strong>Provincia.<\/strong> L&#8217;estasi \u00e8 definita come stato di elevazione mistica della mente percepita a volte come estraniata dal corpo. Un senso di &#8220;uscire fuori di s\u00e9&#8221; che in qualche misura percepiremo anche noi che nelle lunghe ore del fine settimana vogliamo farci sempre &#8220;travolgere&#8221; dalla passione per gli eventi che ci &#8220;insegna&#8221; la nostra &#8220;Bibbia&#8221; <strong><a href=\"http:\/\/www.ivg.it\/cosa-fare-savona\/\"><span style=\"color: #800000;\">IVG<\/span> <span style=\"color: #000000;\">Eventi<\/span><\/a><\/strong>.<\/p>\n<p>I <a href=\"https:\/\/www.ivg.it\/evento\/i-subsonica-in-concerto-al-dreams-festival-a-loano\/\">Subsonica<\/a> saranno le &#8220;stelle&#8221; musicali che faranno risplendere al meglio il &#8220;firmamento&#8221; del weekend: con il suo superconcerto a <strong>Loano<\/strong> l&#8217;amatissima band torinese &#8220;infiammer\u00e0&#8221; gli animi dei suoi numerosissimi fan, che da settimane non aspettano altro che affollare piazza Italia e poter dire &#8220;ci sono anch&#8217;io&#8221;.<\/p>\n<p>A <strong>Cairo Montenotte<\/strong> rivivremo i colori, gli odori, i sapori, le atmosfere del <a href=\"http:\/\/www.ivg.it\/evento\/cairo-medievale-2019\/\">Medioevo<\/a>: da giorni ormai la &#8220;capitale&#8221; valbormidese \u00e8 tornata ai solenni fasti dei gloriosi tempi che furono grazie ai funambolici artisti e ai creativi e ospitali locandieri che rendono questo evento ogni anno pi\u00f9 grande. L&#8217;energia e il movimento daranno linfa vitale invece a quanti vorranno &#8220;buttarsi&#8221; in pazzesche piste da ballo a cielo aperto allestite nel centro storico di <strong>Pietra Ligure<\/strong> e si sentiranno chiedere <a href=\"http:\/\/www.ivg.it\/evento\/vuoi-ballare-con-noi-per-le-vie-del-centro-di-pietra-ligure\/\">&#8220;Vuoi ballare con noi?&#8221;<\/a>.<\/p>\n<p>Un consiglio, per\u00f2: dopo aver fatto vorticosi pazzi di danza \u00e8 meglio che vi rifocilliate! Dove? Al porto di <strong>Finale Ligure<\/strong>, che ospita il terzo appuntamento di <a href=\"http:\/\/www.ivg.it\/evento\/vari-gottifritti-al-porto-di-finale-ligure-il-terzo-appuntamento\/\">&#8220;Vari Gotti&#038;Fritti&#8221;<\/a> con le migliori prelibatezze proposte dalle associazioni locali e dai produttori di vino, birra e gelati del territorio.<\/p>\n<div class=\"single-img-content-container fullwidth-single shortcode standard\">\n    <div class=\"image_container\" style=\"text-align: center;\">\n        <picture class=\" lazyload\"><img loading=\"lazy\" class=\"lazy\" data-srcset=\"https:\/\/www.ivg.it\/photogallery_new\/images\/2019\/07\/vari-565311.jpg 1024w, https:\/\/www.ivg.it\/photogallery_new\/images\/2019\/07\/vari-565311.jpg 970w, https:\/\/www.ivg.it\/photogallery_new\/images\/2019\/07\/vari-565311.jpg 660w, https:\/\/www.ivg.it\/photogallery_new\/images\/2019\/07\/vari-565311.jpg 316w, https:\/\/www.ivg.it\/photogallery_new\/images\/2019\/07\/vari-565311.jpg 150w\"  data-src=\"https:\/\/www.ivg.it\/photogallery_new\/images\/2019\/07\/vari-565311.jpg\" alt=\"Subsonica Concerto Live\" \/><\/picture>\r\n\n    <\/div>\n    <\/div>\n\n<p><strong>Loano.<\/strong> Sabato 10 agosto il Dreams Festival si sposter\u00e0 in piazza Italia, dove verr\u00e0 allestito il palco per l&#8217;attesissimo <a href=\"https:\/\/www.ivg.it\/evento\/i-subsonica-in-concerto-al-dreams-festival-a-loano\/\">concerto dei Subsonica<\/a>.<\/p>\n<p>La band \u00e8 reduce da un entusiasmante tour che ha fatto ballare ed emozionare il pubblico dei pi\u00f9 importanti palazzetti italiani: Samuel, Max Casacci, Boosta, Ninja e Vicio erano accompagnati da una scenografia mai vista prima in Italia, composta da cinque piattaforme in movimento a simboleggiare le anime di una vera band.<\/p>\n<p>Questo fine settimana saranno a Loano con il loro &#8220;8 Tour&#8221;, che accompagna l&#8217;uscita del loro ultimo album.<\/p>\n<div class=\"single-img-content-container fullwidth-single shortcode standard\">\n    <div class=\"image_container\" style=\"text-align: center;\">\n        <picture class=\" lazyload\"><img loading=\"lazy\" class=\"lazy\" data-srcset=\"https:\/\/www.ivg.it\/photogallery_new\/images\/2018\/07\/cairo-medievale-2018-482011.jpg 1024w, https:\/\/www.ivg.it\/photogallery_new\/images\/2018\/07\/cairo-medievale-2018-482011.jpg 970w, https:\/\/www.ivg.it\/photogallery_new\/images\/2018\/07\/cairo-medievale-2018-482011.jpg 660w, https:\/\/www.ivg.it\/photogallery_new\/images\/2018\/07\/cairo-medievale-2018-482011.jpg 316w, https:\/\/www.ivg.it\/photogallery_new\/images\/2018\/07\/cairo-medievale-2018-482011.jpg 150w\"  data-src=\"https:\/\/www.ivg.it\/photogallery_new\/images\/2018\/07\/cairo-medievale-2018-482011.jpg\" alt=\"Cairo Medievale 2018\" \/><\/picture>\r\n\n    <\/div>\n    <\/div>\n\n<p><strong>Cairo Montenotte.<\/strong> Fino a sabato 10 agosto si terr\u00e0 <a href=\"http:\/\/www.ivg.it\/evento\/cairo-medievale-2019\/\">&#8220;Cairo Medievale&#8221;<\/a>: spettacoli in tutto il centro storico con tantissimi artisti e diverse taverne delle associazioni cairesi per una cena itinerante in cui gustare prelibate specialit\u00e0.<\/p>\n<p>Il tema del 2019 \u00e8 la donna, che nel corso dei secoli ha determinato la nostra storia e che verr\u00e0 raccontata attraverso le parole e le figure femminili del sommo poeta Dante Alighieri. Numerosi gli spettacoli in programma, per la direzione artistica dell&#8217;esperto toscano Eraldo Ammannati, con dieci compagnie locali, un centinaio di figuranti e molti volontari che si occuperanno di animare la kermesse storica nel borgo cairese, che far\u00e0 un salto indietro nel tempo e si vestir\u00e0 a tema.<\/p>\n<p>Sedici le taverne allestite dalle associazioni cairesi, sotto la regia della Pro Loco, dove si potranno gustare piatti golosi, dolci e salati in un&#8217;ambientazione tutta medievale. E non finisce qui: un evento nell&#8217;evento accompagner\u00e0 la notte di san Lorenzo dipingendola di colori con il magnifico spettacolo pirotecnico.<\/p>\n<div class=\"single-img-content-container fullwidth-single shortcode standard\">\n    <div class=\"image_container\" style=\"text-align: center;\">\n        <picture class=\" lazyload\"><img loading=\"lazy\" class=\"lazy\" data-srcset=\"https:\/\/www.ivg.it\/photogallery_new\/images\/2014\/07\/tango-ballerini-ballo-240699.jpg 1024w, https:\/\/www.ivg.it\/photogallery_new\/images\/2014\/07\/tango-ballerini-ballo-240699.jpg 970w, https:\/\/www.ivg.it\/photogallery_new\/images\/2014\/07\/tango-ballerini-ballo-240699.jpg 660w, https:\/\/www.ivg.it\/photogallery_new\/images\/2014\/07\/tango-ballerini-ballo-240699.jpg 316w, https:\/\/www.ivg.it\/photogallery_new\/images\/2014\/07\/tango-ballerini-ballo-240699.jpg 150w\"  data-src=\"https:\/\/www.ivg.it\/photogallery_new\/images\/2014\/07\/tango-ballerini-ballo-240699.jpg\" alt=\"tango ballerini ballo\" \/><\/picture>\r\n\n    <\/div>\n    <\/div>\n\n<p><strong>Pietra Ligure.<\/strong> Sabato 10 agosto grande divertimento all&#8217;insegna del ballo con l&#8217;evento <a href=\"http:\/\/www.ivg.it\/evento\/vuoi-ballare-con-noi-per-le-vie-del-centro-di-pietra-ligure\/\">&#8220;Vuoi ballare con noi?&#8221;<\/a>, inserito nella rassegna &#8220;Hello Summer 2019&#8221;, organizzata dall\u2019associazione di attivit\u00e0 produttive Facciamo Centro in collaborazione con il Comune. Con questo attesissimo evento le vie e le piazze del centro storico saranno animate da musiche e balli di tutti i generi.<\/p>\n<p>La festa inizier\u00e0 gi\u00e0 dal mattino con lo shopping low cost nelle boutique e nei negozi e dalle ore 19:30 bar e ristoranti allieteranno anche i palati pi\u00f9 esigenti con un &#8220;Apericena da Sballo&#8221;. Dalle ore 21:30 insegnanti professionisti faranno sognare e scatenare facendo immergere tutti gli appassionati nell\u2019atmosfera scintillante della danza.<\/p>\n<p>&#8220;Un altro immancabile evento all&#8217;insegna della musica e del divertimento per tutti i gusti e tutte le et\u00e0&#8221;, dichiarano gli organizzatori di Facciamo Centro. <em>Scopri <a href=\"http:\/\/www.ivg.it\/evento\/vuoi-ballare-con-noi-per-le-vie-del-centro-di-pietra-ligure\/\">qui<\/a>\u00a0in quali piazze potrai danzare<\/em><em>.<\/em><\/p>\n<div class=\"single-img-content-container fullwidth-single shortcode standard\">\n    <div class=\"image_container\" style=\"text-align: center;\">\n        <picture class=\" lazyload\"><img loading=\"lazy\" class=\"lazy\" data-srcset=\"https:\/\/www.ivg.it\/photogallery_new\/images\/2019\/05\/totani-fritti-554617.jpg 1024w, https:\/\/www.ivg.it\/photogallery_new\/images\/2019\/05\/totani-fritti-554617.jpg 970w, https:\/\/www.ivg.it\/photogallery_new\/images\/2019\/05\/totani-fritti-554617.jpg 660w, https:\/\/www.ivg.it\/photogallery_new\/images\/2019\/05\/totani-fritti-554617.jpg 316w, https:\/\/www.ivg.it\/photogallery_new\/images\/2019\/05\/totani-fritti-554617.jpg 150w\"  data-src=\"https:\/\/www.ivg.it\/photogallery_new\/images\/2019\/05\/totani-fritti-554617.jpg\" alt=\"Totani fritti\" \/><\/picture>\r\n\n    <\/div>\n    <\/div>\n\n<p><strong>Finale Ligure.<\/strong> Venerd\u00ec 9 e sabato 10 agosto appuntamento con <a href=\"http:\/\/www.ivg.it\/evento\/vari-gottifritti-al-porto-di-finale-ligure-il-terzo-appuntamento\/\">&#8220;Vari Gotti&amp;Fritti&#8221;<\/a>, il terzo dei quattro appuntamenti che animeranno il porto con le prelibatezze proposte dalle associazioni locali e dai produttori di vino, birra e gelati del territorio. Tra le proposte pesci fritti, focaccini del finale, frittelle dolci e salate, testaroli al pesto, baccal\u00e0 alla catalana, antipasti con formaggi e torte di verdure, panini con la salsiccia, dolci della tradizione, gelato artigianale, vini del territorio, birre artigianali e diverse sfiziosit\u00e0 per aperitivi sfiziosi.<\/p>\n<p>La location dell\u2019evento \u00e8 unica e il pubblico potr\u00e0 usufruire gratuitamente del parcheggio interno e avere la possibilit\u00e0 di passare una serata direttamente sul mare sorseggiando un buon bicchiere di vino locale e degustando un piatto della tradizione.<\/p>\n<p>&#8220;Vari Gotti&amp;Fritti&#8221; non \u00e8 per\u00f2 solo enogastronomia ma anche attivit\u00e0 informative e teorico pratiche legate al mare con gli stand informativi del Circolo Nautico e della Lega Navale del Finale.<\/p>\n<div class=\"single-img-content-container fullwidth-single shortcode standard\">\n    <div class=\"image_container\" style=\"text-align: center;\">\n        <picture class=\" lazyload\"><img loading=\"lazy\" class=\"lazy\" data-srcset=\"https:\/\/www.ivg.it\/photogallery_new\/images\/2015\/05\/commercio-equosolidale-equa-283598.jpg 1024w, https:\/\/www.ivg.it\/photogallery_new\/images\/2015\/05\/commercio-equosolidale-equa-283598.jpg 970w, https:\/\/www.ivg.it\/photogallery_new\/images\/2015\/05\/commercio-equosolidale-equa-283598.jpg 660w, https:\/\/www.ivg.it\/photogallery_new\/images\/2015\/05\/commercio-equosolidale-equa-283598.jpg 316w, https:\/\/www.ivg.it\/photogallery_new\/images\/2015\/05\/commercio-equosolidale-equa-283598.jpg 150w\"  data-src=\"https:\/\/www.ivg.it\/photogallery_new\/images\/2015\/05\/commercio-equosolidale-equa-283598.jpg\" alt=\"commercio equosolidale equa\" \/><\/picture>\r\n\n    <\/div>\n    <\/div>\n\n<p><strong>Celle Ligure.<\/strong> Fino a domenica 18 agosto torna <a href=\"https:\/\/www.ivg.it\/evento\/tutti-su-per-terra-festa-del-commercio-equosolidale-a-celle-ligure\/\">&#8220;Tutti su per terra&#8221;<\/a>, la festa del commercio equosolidale organizzata dalla cooperativa sociale Bottega della Solidariet\u00e0.<\/p>\n<p>Cosa vi si potr\u00e0 trovare? Una mostra mercato dei prodotti alimentari e artigianali del commercio equosolidale, pi\u00f9 di 100 mq di esposizione con alimentari del commercio equosolidale di LiberaTerra, a km 0, con cosmetici biologici, artigianato artistico da Asia, Africa e America Latina, la Linea Moda Altromercato e le creazioni delle economie carcerarie.<\/p>\n<p>Quest&#8217;anno una particolare attenzione sar\u00e0 dedicata ai prodotti creati con materiale riciclato, come i bellissimi gioielli e manufatti in carta di giornale creati dagli artigiani dello Sri Lanka o gli accessori creati con plastica o tessuti riciclati ideati in Vietnam, Thailandia e Bangladesh. Inoltre momenti di assaggio per degustare e conoscere la storia di alcuni prodotti del commercio equosolidale Altromercato e tanto altro ancora.<\/p>\n<div class=\"single-img-content-container fullwidth-single shortcode standard\">\n    <div class=\"image_container\" style=\"text-align: center;\">\n        <picture class=\" lazyload\"><img loading=\"lazy\" class=\"lazy\" data-srcset=\"https:\/\/www.ivg.it\/photogallery_new\/images\/2019\/08\/vari-569383.jpg 1024w, https:\/\/www.ivg.it\/photogallery_new\/images\/2019\/08\/vari-569383.jpg 970w, https:\/\/www.ivg.it\/photogallery_new\/images\/2019\/08\/vari-569383.jpg 660w, https:\/\/www.ivg.it\/photogallery_new\/images\/2019\/08\/vari-569383.jpg 316w, https:\/\/www.ivg.it\/photogallery_new\/images\/2019\/08\/vari-569383.jpg 150w\"  data-src=\"https:\/\/www.ivg.it\/photogallery_new\/images\/2019\/08\/vari-569383.jpg\" alt=\"Ippodromo Villanova Albenga\" \/><\/picture>\r\n\n    <\/div>\n    <\/div>\n\n<p><strong>Villanova d\u2019Albenga.<\/strong> All\u2019Ippodromo dei Fiori sono in programma sette <a href=\"http:\/\/www.ivg.it\/evento\/riunione-di-trotto-allippodromo-dei-fiori-corse-buon-cibo-e-tanto-divertimento-per-i-bimbi\/\">riunioni serali di corse<\/a> con buon cibo e tanto divertimento per i bambini: la prossima si svolger\u00e0 venerd\u00ec 9 agosto.<\/p>\n<p>Numerosi gli intrattenimenti pensati per i pi\u00f9 piccoli: ogni serata sar\u00e0 allietata dal mago Taz e dalla sua assistente Truccabimbi con spettacoli di magia, sculture di palloncini, Baby dance, Bolle giganti e tanto altro ancora! Un piccolo pony \u00e8 a disposizione per provare l\u2019ebbrezza della sella e verranno distribuiti numerosi gadget!<\/p>\n<p>Il ristorante pizzeria Zachiky proporr\u00e0 ogni sera diverse specialit\u00e0 come giro-pizza con il maestro di pala Claudio Carotta, grigliate di pesce, paella alla valenciana e tanto altro.<\/p>\n","protected":false},"excerpt":{"rendered":"<p>I Subsonica &#8220;guest star&#8221; a Loano. Viaggio nel tempo a &#8220;Cairo Medievale&#8221;<\/p>\n","protected":false},"author":11510,"featured_media":0,"comment_status":"open","ping_status":"closed","sticky":false,"template":"","format":"standard","meta":{"footnotes":""},"categories":[45296,56],"tags":[88176,24961,96350,106403,83493,71292],"class_list":["post-474558","post","type-post","status-publish","format-standard","hentry","category-copertina","category-altre","tag-associazione-facciamo-centro","tag-cairo-medievale","tag-ippodromo-dei-fiori","tag-subsonica","tag-tutti-su-per-terra","tag-vari-gottiefritti","post_cat_citta-cairo-montenotte","post_cat_citta-celle-ligure","post_cat_citta-finale-ligure","post_cat_citta-loano","post_cat_citta-pietra-ligure","post_cat_citta-villanova-dalbenga"],"amp_validity":null,"amp_enabled":true,"_links":{"self":[{"href":"https:\/\/staging.ivg.it\/ediapi\/wp\/v2\/posts\/474558","targetHints":{"allow":["GET"]}}],"collection":[{"href":"https:\/\/staging.ivg.it\/ediapi\/wp\/v2\/posts"}],"about":[{"href":"https:\/\/staging.ivg.it\/ediapi\/wp\/v2\/types\/post"}],"author":[{"embeddable":true,"href":"https:\/\/staging.ivg.it\/ediapi\/wp\/v2\/users\/11510"}],"replies":[{"embeddable":true,"href":"https:\/\/staging.ivg.it\/ediapi\/wp\/v2\/comments?post=474558"}],"version-history":[{"count":0,"href":"https:\/\/staging.ivg.it\/ediapi\/wp\/v2\/posts\/474558\/revisions"}],"wp:attachment":[{"href":"https:\/\/staging.ivg.it\/ediapi\/wp\/v2\/media?parent=474558"}],"wp:term":[{"taxonomy":"category","embeddable":true,"href":"https:\/\/staging.ivg.it\/ediapi\/wp\/v2\/categories?post=474558"},{"taxonomy":"post_tag","embeddable":true,"href":"https:\/\/staging.ivg.it\/ediapi\/wp\/v2\/tags?post=474558"}],"curies":[{"name":"wp","href":"https:\/\/api.w.org\/{rel}","templated":true}]}}