{"id":474457,"date":"2019-08-08T11:11:48","date_gmt":"2019-08-08T09:11:48","guid":{"rendered":"http:\/\/www.ivg.it\/?p=474457"},"modified":"2019-08-08T13:26:45","modified_gmt":"2019-08-08T11:26:45","slug":"savona-ricorda-la-strage-di-marcinelle","status":"publish","type":"post","link":"https:\/\/staging.ivg.it\/2019\/08\/savona-ricorda-la-strage-di-marcinelle\/","title":{"rendered":"Savona ricorda la strage di Marcinelle"},"content":{"rendered":"<p>L&#8217;amministrazione comunale di <strong>Savona <\/strong>ricorda una delle pi\u00f9 gravi tragedie minerarie della storia che si verific\u00f2 l\u20198 agosto 1956, nella miniera di carbone di Bois du Cazier (appena fuori la cittadina belga di Marcinelle), dove si svilupp\u00f2 un incendio che caus\u00f2 una strage di minatori.<\/p>\n<p>&#8220;Non si possono dimenticare i 262 minatori che morirono, per le ustioni, il fumo e i gas tossici e 136 erano italiani&#8221; ricorda il sindaco di Savona Ilaria Caprioglio.<\/p>\n<p>&#8220;Tutta la citt\u00e0 di Savona vuole ricordare gli italiani immigrati in Belgio nel dopoguerra e le loro difficolt\u00e0 nell&#8217;integrazione in quel particolare periodo: la comunit\u00e0 italiana del Belgio ha pagato proprio fino a quella triste data con il sangue il prezzo del suo riconoscimento&#8221;.<\/p>\n","protected":false},"excerpt":{"rendered":"<p>&#8220;Pagato un prezzo altissimo&#8230;&#8221;<\/p>\n","protected":false},"author":4,"featured_media":0,"comment_status":"open","ping_status":"closed","sticky":false,"template":"","format":"standard","meta":{"footnotes":""},"categories":[56,31],"tags":[3204],"class_list":["post-474457","post","type-post","status-publish","format-standard","hentry","category-altre","category-politica","tag-comune-savona","post_cat_citta-savona","post_tag_personaggi-ilaria-caprioglio"],"amp_validity":null,"amp_enabled":true,"_links":{"self":[{"href":"https:\/\/staging.ivg.it\/ediapi\/wp\/v2\/posts\/474457","targetHints":{"allow":["GET"]}}],"collection":[{"href":"https:\/\/staging.ivg.it\/ediapi\/wp\/v2\/posts"}],"about":[{"href":"https:\/\/staging.ivg.it\/ediapi\/wp\/v2\/types\/post"}],"author":[{"embeddable":true,"href":"https:\/\/staging.ivg.it\/ediapi\/wp\/v2\/users\/4"}],"replies":[{"embeddable":true,"href":"https:\/\/staging.ivg.it\/ediapi\/wp\/v2\/comments?post=474457"}],"version-history":[{"count":0,"href":"https:\/\/staging.ivg.it\/ediapi\/wp\/v2\/posts\/474457\/revisions"}],"wp:attachment":[{"href":"https:\/\/staging.ivg.it\/ediapi\/wp\/v2\/media?parent=474457"}],"wp:term":[{"taxonomy":"category","embeddable":true,"href":"https:\/\/staging.ivg.it\/ediapi\/wp\/v2\/categories?post=474457"},{"taxonomy":"post_tag","embeddable":true,"href":"https:\/\/staging.ivg.it\/ediapi\/wp\/v2\/tags?post=474457"}],"curies":[{"name":"wp","href":"https:\/\/api.w.org\/{rel}","templated":true}]}}