{"id":474244,"date":"2019-08-05T20:21:11","date_gmt":"2019-08-05T18:21:11","guid":{"rendered":"http:\/\/www.ivg.it\/?p=474244"},"modified":"2019-08-05T22:15:04","modified_gmt":"2019-08-05T20:15:04","slug":"non-ci-sara-una-seconda-liguria-marathon-almeno-per-cinque-anni-percorso-da-ripensare","status":"publish","type":"post","link":"https:\/\/staging.ivg.it\/2019\/08\/non-ci-sara-una-seconda-liguria-marathon-almeno-per-cinque-anni-percorso-da-ripensare\/","title":{"rendered":"Non ci sar\u00e0 una seconda Liguria Marathon nel 2019: &#8220;Percorso da ripensare&#8221;"},"content":{"rendered":"<p><strong>Savona.<\/strong> L&#8217;edizione andata in scena domenica 18 novembre rester\u00e0, almeno per ora,<strong> la prima ed unica della Liguria Marathon.<\/strong><\/p>\n<p>Gli organizzatori, ovvero l&#8217;<strong>Asd RunRivieraRun,<\/strong> hanno reso noto pochi minuti fa, con un post sulla pagina Facebook della gara, che <strong>non ci sar\u00e0 un&#8217;edizione 2019<\/strong>. E, complice la necessit\u00e0, andr\u00e0 riformulato un nuovo percorso; <strong>i promotori dell&#8217;evento comunque non gettano la spugna e proveranno a riproporla, magari gi\u00e0 nel 2020.<\/strong><\/p>\n<p>&#8220;Cari amici &#8211; scrivono gli organizzatori -, come sapete<strong> la Liguria Marathon avrebbe dovuto tenersi domenica 17 novembre, correre la sua seconda edizione<\/strong>, arrivata dopo la soddisfazione di essere riusciti a regalare a tutti i maratoneti un\u2019edizione 2018 indimenticabile, su un percorso meraviglioso. <strong>In questi mesi non abbiamo aperto iscrizioni e non siamo usciti con comunicati stampa nell\u2019attesa di capire il destino della Liguria Marathon<\/strong>, cos\u00ec come era stata studiata e realizzata, perch\u00e9 tutti coloro che erano coinvolti, dovevano essere convinti di ripetere questa meravigliosa sfida&#8221;.<\/p>\n<p>&#8220;<strong>Il Comune di Savona e la Polizia Municipale ci hanno fatto sapere che non intendono, per loro motivazioni di viabilit\u00e0 che non stiamo a discutere,<\/strong> ma che accettiamo, anche se con rammarico, ripetere l\u2019esperienza della scorsa edizione,<strong> non potendo impegnarsi a gestire 7 chilometri di chiusura al traffico e proponendo un arrivo a Zinola<\/strong> che, chiaramente, non \u00e8 pensabile, visto che la Liguria Marathon \u00e8 nata per promuovere il territorio, valorizzando il mare.<strong> Ci troviamo, quindi, a dover ripensare interamente un nuovo percorso,<\/strong> perch\u00e9 7 chilometri sono tanti e non si possono &#8216;spalmare&#8217; in quello che era stato &#8216;pensato e meditato&#8217; in origine&#8221;.<\/p>\n<p>&#8220;E dato che, come organizzazione, ci piace provare a fare le cose sempre al meglio, <strong>non possiamo offrire a chi partecipa, un\u2019edizione &#8216;incompleta&#8217;, con un percorso che dovr\u00e0 essere nuovamente misurato ed omologato dai misuratori Fidal,<\/strong> <strong>quindi dovr\u00e0 essere pensato per i prossimi 5 anni <\/strong>(tempo di omologazione) <strong>e dovr\u00e0 essere condiviso ed approvato<\/strong>, con entusiasmo, da tutti gli enti che parteciperanno&#8221;.<\/p>\n<p>&#8220;Una Maratona non \u00e8 solo un evento sportivo, ma un evento di destinazione che, se accolto con favore, pu\u00f2 negli anni dare solo risultati positivi. <strong>La nostra volont\u00e0 \u00e8 far s\u00ec che Liguria Marathon non sia un\u2019effimera illusione, ma desideriamo che diventi uno dei fiori all\u2019occhiello di questa meravigliosa nostra Liguria<\/strong> e stiamo lavorando con la Fidal Liguria e la Provincia di Savona per cercare di trovare una soluzione alternativa per i prossimi anni&#8221;.<\/p>\n<p><strong>Con 200 atleti al traguardo, la Liguria Marathon si \u00e8 piazzata al 35\u00b0 posto per numero di finisher tra le 46 Maratone organizzate in Italia nel 2018.<\/strong> Un numero in calo rispetto alle 54 che si erano svolte nel 2017 e alle 59 del 2016 e che, con ogni probabilit\u00e0, diverr\u00e0 ancor pi\u00f9 esiguo nel 2019, a testimonianza delle difficolt\u00e0 crescenti di un movimento che, nei confini nazionali, pare aver raggiunto il suo apice alcuni anni fa.<\/p>\n","protected":false},"excerpt":{"rendered":"<p>Il &#8220;no&#8221; da parte del Comune di Savona cancella l&#8217;evento dal calendario Fidal, almeno per quest&#8217;anno<\/p>\n","protected":false},"author":18,"featured_media":0,"comment_status":"open","ping_status":"closed","sticky":false,"template":"","format":"standard","meta":{"footnotes":""},"categories":[45296,47716,32],"tags":[93234,343],"class_list":["post-474244","post","type-post","status-publish","format-standard","hentry","category-copertina","category-atletica-sport","category-sport","tag-liguria-marathon","tag-maratona","post_cat_citta-bergeggi","post_cat_citta-borgio-verezzi","post_cat_citta-finale-ligure","post_cat_citta-loano","post_cat_citta-noli","post_cat_citta-pietra-ligure","post_cat_citta-savona","post_cat_citta-spotorno","post_cat_citta-vado-ligure"],"amp_validity":null,"amp_enabled":true,"_links":{"self":[{"href":"https:\/\/staging.ivg.it\/ediapi\/wp\/v2\/posts\/474244","targetHints":{"allow":["GET"]}}],"collection":[{"href":"https:\/\/staging.ivg.it\/ediapi\/wp\/v2\/posts"}],"about":[{"href":"https:\/\/staging.ivg.it\/ediapi\/wp\/v2\/types\/post"}],"author":[{"embeddable":true,"href":"https:\/\/staging.ivg.it\/ediapi\/wp\/v2\/users\/18"}],"replies":[{"embeddable":true,"href":"https:\/\/staging.ivg.it\/ediapi\/wp\/v2\/comments?post=474244"}],"version-history":[{"count":0,"href":"https:\/\/staging.ivg.it\/ediapi\/wp\/v2\/posts\/474244\/revisions"}],"wp:attachment":[{"href":"https:\/\/staging.ivg.it\/ediapi\/wp\/v2\/media?parent=474244"}],"wp:term":[{"taxonomy":"category","embeddable":true,"href":"https:\/\/staging.ivg.it\/ediapi\/wp\/v2\/categories?post=474244"},{"taxonomy":"post_tag","embeddable":true,"href":"https:\/\/staging.ivg.it\/ediapi\/wp\/v2\/tags?post=474244"}],"curies":[{"name":"wp","href":"https:\/\/api.w.org\/{rel}","templated":true}]}}