{"id":474012,"date":"2019-08-02T18:04:43","date_gmt":"2019-08-02T16:04:43","guid":{"rendered":"http:\/\/www.ivg.it\/?p=474012"},"modified":"2019-08-02T18:08:27","modified_gmt":"2019-08-02T16:08:27","slug":"errato-conferimento-rifiuti-raffica-di-sanzioni-ad-alassio","status":"publish","type":"post","link":"https:\/\/staging.ivg.it\/2019\/08\/errato-conferimento-rifiuti-raffica-di-sanzioni-ad-alassio\/","title":{"rendered":"Errato conferimento rifiuti: raffica di sanzioni ad Alassio"},"content":{"rendered":"<p><strong>Alassio<\/strong>. Proseguono i controlli serrati sul conferimento dei rifiuti sia per quanto attiene le attivit\u00e0 commerciali sia per quanto attiene i privati, specialmente nella zona a valle della ferrovia dove ancora vige la raccolta presso le isole ecologiche o presso i cassonetti delle attivit\u00e0 di ristorazione.<\/p>\n<p>In settimana i controlli in borghese della polizia municipale, che proseguiranno anche nel mese di agosto, ha fatto registrare dieci nuove sanzioni, per un totale di 80 provvedimenti sanzionatori dalla primavera scorsa.<\/p>\n<p>&#8220;Sono stati monitorati &#8211; spiega Giacomo Battaglia, assessore all&#8217;Ambiente del Comune di Alassio, che da subito si \u00e8 interfacciato con il Comandate dei Vigili Francesco Parrella &#8211; sia esercizi pubblici, specie nella zona delle passeggiate a mare, per tutelare la fruibilit\u00e0 vicoletti e caruggi di accesso al mare, sia privati cittadini per le errate modalit\u00e0 di conferimento &#8211; totalmente indifferenziato &#8211; nelle isole ecologiche&#8221;.<\/p>\n<p>&#8220;Il sistema videosorveglianza cittadino &#8211; prosegue Battaglia &#8211; di cui ogni isola ecologica \u00e8 dotato, ha inoltre permesso di sorprendere anche un impresario edile che conferiva nei cassonetti inerti di risulta di un cantiere. Per lui \u00e8 partita subito la denuncia prevista da Testo unico per l\u2019Ambiente&#8221;.<\/p>\n<p>&#8220;Quello che comunque vorrei sottolineare &#8211; aggiunge il generale Battaglia ribadendo quanto gi\u00e0 espresso in Consiglio comunale &#8211; \u00e8 la scarsa sensibilit\u00e0 degli utenti a sversare i rifiuti negli orari previsti o nelle modalit\u00e0 indicate da una corretta strategia di differenziazione. Quella che mi pare dilagare \u00e8 la difficolt\u00e0 da parte della cittadinanza tutta di approcciare ad una corretta gestione dei propri rifiuti: il rifiuto dei rifiuti, che \u00e8 la sintesi estrema di quanto accade&#8221;.<\/p>\n","protected":false},"excerpt":{"rendered":"<p>Ottanta i provvedimenti sanzionatori dalla primavera scorsa e con la videosorveglianza individuato un furbetto del conferimento di inerti<\/p>\n","protected":false},"author":4,"featured_media":0,"comment_status":"open","ping_status":"closed","sticky":false,"template":"","format":"standard","meta":{"footnotes":""},"categories":[45296,34,31],"tags":[36051,55220,498],"class_list":["post-474012","post","type-post","status-publish","format-standard","hentry","category-copertina","category-cronaca","category-politica","tag-comune-alassio","tag-polizia-municipale-alassio","tag-rifiuti","post_cat_citta-alassio","post_tag_personaggi-giacomo-battaglia"],"amp_validity":null,"amp_enabled":true,"_links":{"self":[{"href":"https:\/\/staging.ivg.it\/ediapi\/wp\/v2\/posts\/474012","targetHints":{"allow":["GET"]}}],"collection":[{"href":"https:\/\/staging.ivg.it\/ediapi\/wp\/v2\/posts"}],"about":[{"href":"https:\/\/staging.ivg.it\/ediapi\/wp\/v2\/types\/post"}],"author":[{"embeddable":true,"href":"https:\/\/staging.ivg.it\/ediapi\/wp\/v2\/users\/4"}],"replies":[{"embeddable":true,"href":"https:\/\/staging.ivg.it\/ediapi\/wp\/v2\/comments?post=474012"}],"version-history":[{"count":0,"href":"https:\/\/staging.ivg.it\/ediapi\/wp\/v2\/posts\/474012\/revisions"}],"wp:attachment":[{"href":"https:\/\/staging.ivg.it\/ediapi\/wp\/v2\/media?parent=474012"}],"wp:term":[{"taxonomy":"category","embeddable":true,"href":"https:\/\/staging.ivg.it\/ediapi\/wp\/v2\/categories?post=474012"},{"taxonomy":"post_tag","embeddable":true,"href":"https:\/\/staging.ivg.it\/ediapi\/wp\/v2\/tags?post=474012"}],"curies":[{"name":"wp","href":"https:\/\/api.w.org\/{rel}","templated":true}]}}