{"id":474011,"date":"2019-08-02T17:52:50","date_gmt":"2019-08-02T15:52:50","guid":{"rendered":"http:\/\/www.ivg.it\/?p=474011"},"modified":"2019-08-02T17:56:04","modified_gmt":"2019-08-02T15:56:04","slug":"bando-alisa-per-prestazioni-specialistiche-e-radiodiagnostiche-locatelli-valutazioni-qualitative-a-tutela-del-sistema-sanitario","status":"publish","type":"post","link":"https:\/\/staging.ivg.it\/2019\/08\/bando-alisa-per-prestazioni-specialistiche-e-radiodiagnostiche-locatelli-valutazioni-qualitative-a-tutela-del-sistema-sanitario\/","title":{"rendered":"Bando Alisa per prestazioni specialistiche e radiodiagnostiche, Locatelli: &#8220;Valutazioni qualitative, a tutela del sistema sanitario&#8221;"},"content":{"rendered":"<p><strong>Liguria.<\/strong> &#8220;Un provvedimento deciso e costruito con il supporto di specialisti in radiodiagnostica appartenenti al Diar e discusso con Confindustria, nel quale nessun soggetto \u00e8 stato estromesso, a favore di un percorso di qualit\u00e0 da tempo intrapreso in questa Regione&#8221;. Walter Locatelli, commissario di Alisa, commenta il ricorso al Tar presentato da Confindustria Genova, Confcommercio Genova insieme ad alcune strutture sanitarie accreditate che hanno avanzato ricorso per l&#8217;annullamento della delibera Delibera A.Li.Sa. 165\/2019 del 24.05.2019 avente come oggetto &#8220;Avviso di manifestazione d&#8217;interesse per implementazione dell&#8217;offerta di prestazioni specialistiche ambulatoriali di radiodiagnostica \u2013 TAC, RMN ed ecografie \u2013 e di chirurgia ambulatoriale oculistica ed ortopedica&#8221;.<\/p>\n<p>&#8220;La delibera ha previsto, a tutela del paziente e della qualit\u00e0 delle prestazioni erogate \u2013 continua Locatelli &#8211; che tra i requisiti vi fosse, per le strutture contraenti, il poter disporre di almeno uno strumento con caratteristiche definite, senza entrare nel merito dei criteri di appropriatezza che spettano ai radiologi che erogano le prestazioni diagnostiche&#8221;.<\/p>\n<p>&#8220;I requisiti di ammissibilit\u00e0 dei soggetti erogatori riguardano le strutture e non le apparecchiature utilizzate: non \u00e8 stato richiesto l&#8217;utilizzo di determinate apparecchiature a specifica potenzialit\u00e0 erogativa, n\u00e9 sono state escluse le strutture dotate di tecnologie cosiddette &#8220;a basso campo&#8221;, \u00e8 stata richiesta la disponibilit\u00e0, da parte delle struttura accreditate, di strumenti che potessero rispondere alle diverse esigenze del cittadino (quindi apparecchiature con Tesla differenti), nel rispetto dei criteri di appropriatezza del servizio erogato&#8221;.<\/p>\n<p>&#8220;I requisiti di ammissibilit\u00e0, in un&#8217;ottica di perseguimento di percorsi di qualit\u00e0 complessiva, sono riferiti a requisiti tecnologici, organizzativi, di clinical competence e di qualit\u00e0 del processo diagnostico, anche per garantire un&#8217;erogabilit\u00e0 di prestazioni che, ove necessario, non richiedano spostamenti successivi o la ripetizione di esami per i cittadini&#8221;.<\/p>\n<p>&#8220;Tutto questo, senza dimenticare il ruolo che ha assunto la medicina difensiva che entra nel merito di &#8220;con cosa e come \u00e8 stata fatta&#8221; una diagnosi e con quali strumenti diagnostici, in ambiti per i quali, le cause delle patologie in esame, possono essere altamente complesse. Sono tranquillo \u2013 conclude Locatelli \u2013 che ogni decisione sia stata presa con l&#8217;unico obiettivo di tutelare i pazienti, garantendo la qualit\u00e0 delle prestazioni erogate, senza creare alcun danno al mercato&#8221;.<\/p>\n<p>I dati evidenziati nel report 2018 &#8220;Il Sistema di valutazione del network delle Regioni&#8221;, a cura della Scuola Universitaria Superiore Sant&#8217;Anna di Pisa, mettono in evidenza che la percentuale di pazienti che ripetono le RMN lombari entro 12 mesi \u00e8 pari al 9,94% (Lombardia 5,79%, Veneto 6,80%, PA Bolzano 7,89%, Umbria 9,62%, Toscana 9,65% e Friuli Venezia Giulia 10,96%).<\/p>\n<p>Il dott. Alessandro Gastaldo, coordinatore del Diar in materia di diagnostica, sottolinea: &#8220;In questi anni numerose indagini, come risonanze magnetiche (RMN), sono state ripetute perch\u00e9 eseguite, per lo pi\u00f9 in sedi con apparecchiature a basso campo e su vari distretti: in particolare colonna, bacino, spalla e nell&#8217;ambito dello studio di lesioni focali ossee (dalla osteonecrosi ai tumori dell&#8217;osso)&#8221;.<\/p>\n<p>&#8220;Inoltre \u2013 prosegue Gastaldo &#8211; specialisti come neurochirurghi, chirurghi vertebrali, ortopedici, e chirurghi della mano, pubblici e privati, richiedono sempre di pi\u00f9 RMN con specifica richiesta a utilizzare un alto campo. \u00c8 nell&#8217;interesse del paziente poter contare su strutture accreditate che dispongano delle migliori tecnologie per eseguire le prestazioni diagnostiche nel modo pi\u00f9 appropriato&#8221;.<\/p>\n","protected":false},"excerpt":{"rendered":"<p>La risposta dell&#8217;agenzia regionale dopo il ricorso al Tar <\/p>\n","protected":false},"author":4,"featured_media":0,"comment_status":"open","ping_status":"closed","sticky":false,"template":"","format":"standard","meta":{"footnotes":""},"categories":[56],"tags":[85498],"class_list":["post-474011","post","type-post","status-publish","format-standard","hentry","category-altre","tag-alisa","post_tag_personaggi-walter-locatelli"],"amp_validity":null,"amp_enabled":true,"_links":{"self":[{"href":"https:\/\/staging.ivg.it\/ediapi\/wp\/v2\/posts\/474011","targetHints":{"allow":["GET"]}}],"collection":[{"href":"https:\/\/staging.ivg.it\/ediapi\/wp\/v2\/posts"}],"about":[{"href":"https:\/\/staging.ivg.it\/ediapi\/wp\/v2\/types\/post"}],"author":[{"embeddable":true,"href":"https:\/\/staging.ivg.it\/ediapi\/wp\/v2\/users\/4"}],"replies":[{"embeddable":true,"href":"https:\/\/staging.ivg.it\/ediapi\/wp\/v2\/comments?post=474011"}],"version-history":[{"count":0,"href":"https:\/\/staging.ivg.it\/ediapi\/wp\/v2\/posts\/474011\/revisions"}],"wp:attachment":[{"href":"https:\/\/staging.ivg.it\/ediapi\/wp\/v2\/media?parent=474011"}],"wp:term":[{"taxonomy":"category","embeddable":true,"href":"https:\/\/staging.ivg.it\/ediapi\/wp\/v2\/categories?post=474011"},{"taxonomy":"post_tag","embeddable":true,"href":"https:\/\/staging.ivg.it\/ediapi\/wp\/v2\/tags?post=474011"}],"curies":[{"name":"wp","href":"https:\/\/api.w.org\/{rel}","templated":true}]}}