{"id":473926,"date":"2019-08-02T09:59:34","date_gmt":"2019-08-02T07:59:34","guid":{"rendered":"http:\/\/www.ivg.it\/?p=473926"},"modified":"2019-08-02T09:59:34","modified_gmt":"2019-08-02T07:59:34","slug":"florivivaismo-de-michelis-confagricoltura-necessario-investire-sul-verde-pubblico","status":"publish","type":"post","link":"https:\/\/staging.ivg.it\/2019\/08\/florivivaismo-de-michelis-confagricoltura-necessario-investire-sul-verde-pubblico\/","title":{"rendered":"Florivivaismo, De Michelis (Confagricoltura): &#8220;Necessario investire sul verde pubblico&#8221;"},"content":{"rendered":"<p><strong>Liguria<\/strong>. &#8220;All&#8217;estero c&#8217;\u00e8 un&#8217;attenzione particolare per il verde pubblico e vengono apprezzati specialmente fiori e piante &#8216;made in Italy&#8217;. Lo dimostrano i risultati conseguiti dal distretto vivaistico di Pistoia che mostrano una forte ripresa dell&#8217;export florovivaistico. Gli imprenditori di Confagricoltura rappresentano le eccellenze del comparto, hanno contatti costanti con architetti del verde, Universit\u00e0 e centri di ricerca e mettono a disposizione competenza, esperienza e know how&#8221;. A dirlo \u00e8 Luca De Michelis, presidente di Confagricoltura Liguria.<\/p>\n<p>Il settore italiano vale oltre 2,5 miliardi, occupa pi\u00f9 di 100.000 addetti in 27.000 aziende. &#8220;Il florovivaismo &#8211; puntualizza De Michelis \u2013 va rilanciato sul fronte interno, offrendo al Paese la grande cultura del verde dei produttori. Gli investimenti pubblici vengono accantonati, ma \u00e8 un errore. Per questo appoggiamo la proposta di legge &#8216;disposizioni per la disciplina, la promozione e la valorizzazione del settore florovivaistico&#8217;, ora in prima lettura in Commissione, che istituisce un tavolo tecnico, un osservatorio per il settore ed un ufficio dedicato al Mipaaft. E&#8217; essenziale che le Istituzioni nazionali e locali si rendano conto dell&#8217;importanza di avvalersi delle giuste competenze sulle complesse tematiche da affrontare quando si parla di verde pubblico e della sua gestione&#8221;.<\/p>\n<p>&#8220;Siamo pronti \u2013 mette in evidenza il presidente di Confagricoltura Liguria &#8211; a valorizzare le aree urbane e periurbane delle nostre citt\u00e0 con la progettazione e la realizzazione di spazi verdi, aumentando la loro &#8216;qualit\u00e0&#8217; e combattendo un&#8217;inutile quantit\u00e0 che, spesso, non offre risultati&#8221;.<\/p>\n<p>&#8220;Troppa burocrazia e poca lungimiranza finora hanno frenato l&#8217;azione degli operatori per parchi e giardini pubblici \u2013 conclude De Michelis -. C&#8217;\u00e8 la necessit\u00e0 che sindaci, enti pubblici e comunit\u00e0 investano, favorendo e sviluppando un&#8217;adeguata progettazione del verde, tenendo conto delle effettive esigenze della popolazione, che chiede spazi belli, curati, utili e realmente fruibili. Questi investimenti hanno indubbi ritorni per la collettivit\u00e0&#8221;.<\/p>\n","protected":false},"excerpt":{"rendered":"<p>L&#8217;esperienza e la competenza dei florovivaisti dell&#8217;Organizzazione degli imprenditori agricoli per gestire parchi e giardini<\/p>\n","protected":false},"author":2394,"featured_media":0,"comment_status":"open","ping_status":"closed","sticky":false,"template":"","format":"standard","meta":{"footnotes":""},"categories":[35],"tags":[19882,1501],"class_list":["post-473926","post","type-post","status-publish","format-standard","hentry","category-economia","tag-confagricoltura-liguria","tag-florovivaismo","post_cat_citta-savona"],"amp_validity":null,"amp_enabled":true,"_links":{"self":[{"href":"https:\/\/staging.ivg.it\/ediapi\/wp\/v2\/posts\/473926","targetHints":{"allow":["GET"]}}],"collection":[{"href":"https:\/\/staging.ivg.it\/ediapi\/wp\/v2\/posts"}],"about":[{"href":"https:\/\/staging.ivg.it\/ediapi\/wp\/v2\/types\/post"}],"author":[{"embeddable":true,"href":"https:\/\/staging.ivg.it\/ediapi\/wp\/v2\/users\/2394"}],"replies":[{"embeddable":true,"href":"https:\/\/staging.ivg.it\/ediapi\/wp\/v2\/comments?post=473926"}],"version-history":[{"count":0,"href":"https:\/\/staging.ivg.it\/ediapi\/wp\/v2\/posts\/473926\/revisions"}],"wp:attachment":[{"href":"https:\/\/staging.ivg.it\/ediapi\/wp\/v2\/media?parent=473926"}],"wp:term":[{"taxonomy":"category","embeddable":true,"href":"https:\/\/staging.ivg.it\/ediapi\/wp\/v2\/categories?post=473926"},{"taxonomy":"post_tag","embeddable":true,"href":"https:\/\/staging.ivg.it\/ediapi\/wp\/v2\/tags?post=473926"}],"curies":[{"name":"wp","href":"https:\/\/api.w.org\/{rel}","templated":true}]}}