{"id":473922,"date":"2019-08-02T09:05:10","date_gmt":"2019-08-02T07:05:10","guid":{"rendered":"http:\/\/www.ivg.it\/?p=473922"},"modified":"2019-08-02T09:05:10","modified_gmt":"2019-08-02T07:05:10","slug":"alassio-lunedi-in-piazza-della-liberta-la-consegna-del-premio-pannunzio-a-valter-vecellio","status":"publish","type":"post","link":"https:\/\/staging.ivg.it\/2019\/08\/alassio-lunedi-in-piazza-della-liberta-la-consegna-del-premio-pannunzio-a-valter-vecellio\/","title":{"rendered":"Alassio, luned\u00ec in piazza della Libert\u00e0 la consegna del Premio Pannunzio a Valter Vecellio"},"content":{"rendered":"<p><strong>Alassio.<\/strong> Luned\u00ec 5 agosto alle ore 21.30 ad Alassio in Piazza della Libert\u00e0, nei giardini antistanti il Palazzo del Comune, si terr\u00e0 l&#8217;evento Sera d&#8217;estate 2019, organizzato dal Centro Pannunzio.<\/p>\n<p>Nel corso della serata verranno conferiti i seguenti premi: Premio &#8220;Pannunzio Alassio&#8221; a Valter Vecellio, giornalista del &#8220;TG2&#8221; e di &#8220;Radio radicale&#8221;; Premio &#8220;Ennio Flaiano Alassio&#8221; a Christine Enrile, organizzatrice di grandi mostre artistiche ed eventi culturali; Premio &#8220;Mario Soldati Alassio&#8221; a Franco Gallea, docente e critico letterario alassino.<\/p>\n<p>Interverr\u00e0 il Prof. Pier Franco Quaglieni, direttore del Centro Pannunzio. Introdurranno e coordineranno la serata Anna Ricotti e Marco Servetto. In caso di maltempo la manifestazione si terr\u00e0 presso la Biblioteca civica di Alassio, Piazza Airaldi e Durante, n.7.<\/p>\n","protected":false},"excerpt":{"rendered":"<p>Premio &#8220;Ennio Flaiano&#8221; a Christine Enrile, premio &#8220;Mario Soldati&#8221; a Franco Gallea<\/p>\n","protected":false},"author":10593,"featured_media":0,"comment_status":"open","ping_status":"closed","sticky":false,"template":"","format":"standard","meta":{"footnotes":""},"categories":[56],"tags":[],"class_list":["post-473922","post","type-post","status-publish","format-standard","hentry","category-altre","post_cat_citta-alassio"],"amp_validity":null,"amp_enabled":true,"_links":{"self":[{"href":"https:\/\/staging.ivg.it\/ediapi\/wp\/v2\/posts\/473922","targetHints":{"allow":["GET"]}}],"collection":[{"href":"https:\/\/staging.ivg.it\/ediapi\/wp\/v2\/posts"}],"about":[{"href":"https:\/\/staging.ivg.it\/ediapi\/wp\/v2\/types\/post"}],"author":[{"embeddable":true,"href":"https:\/\/staging.ivg.it\/ediapi\/wp\/v2\/users\/10593"}],"replies":[{"embeddable":true,"href":"https:\/\/staging.ivg.it\/ediapi\/wp\/v2\/comments?post=473922"}],"version-history":[{"count":0,"href":"https:\/\/staging.ivg.it\/ediapi\/wp\/v2\/posts\/473922\/revisions"}],"wp:attachment":[{"href":"https:\/\/staging.ivg.it\/ediapi\/wp\/v2\/media?parent=473922"}],"wp:term":[{"taxonomy":"category","embeddable":true,"href":"https:\/\/staging.ivg.it\/ediapi\/wp\/v2\/categories?post=473922"},{"taxonomy":"post_tag","embeddable":true,"href":"https:\/\/staging.ivg.it\/ediapi\/wp\/v2\/tags?post=473922"}],"curies":[{"name":"wp","href":"https:\/\/api.w.org\/{rel}","templated":true}]}}