{"id":473786,"date":"2019-07-31T16:09:10","date_gmt":"2019-07-31T14:09:10","guid":{"rendered":"http:\/\/www.ivg.it\/?p=473786"},"modified":"2019-07-31T16:09:10","modified_gmt":"2019-07-31T14:09:10","slug":"oss-in-visita-in-regione-ardenti-lega-chi-lavora-studia-o-risiede-in-liguria-puo-accedere-a-nuovo-elenco-regionale","status":"publish","type":"post","link":"https:\/\/staging.ivg.it\/2019\/07\/oss-in-visita-in-regione-ardenti-lega-chi-lavora-studia-o-risiede-in-liguria-puo-accedere-a-nuovo-elenco-regionale\/","title":{"rendered":"Oss in visita in Regione, Ardenti (Lega): \u201cChi lavora, studia o risiede in Liguria pu\u00f2 accedere a nuovo elenco regionale\u201d"},"content":{"rendered":"<p><strong>Regione.<\/strong> &#8220;A seguito della delibera della giunta regionale, varata il 19 luglio scorso, da ieri gli Operatori socio sanitari della Liguria hanno a disposizione la modulistica necessaria per l&#8217;iscrizione all&#8217;Elenco regionale degli OSS\u201d.<\/p>\n<p>Ad affermarlo, Paolo Ardenti, vice capogruppo regionale Lega Nord Liguria &#8211; Salvini, a margine della visita di alcuni rappresentanti degli OSS, che questa mattina si sono recati in Regione e hanno \u201cringraziato l&#8217;assessore alla Sanit\u00e0 Sonia Viale per il proficuo lavoro e il risultato raggiunto\u201d.<\/p>\n<p>Ulteriori informazioni e la modulistica necessaria per l&#8217;iscrizione all&#8217;elenco sono state pubblicate sul sito web di Regione Liguria.<\/p>\n<p>\u201cRicordo, &#8211; ha proseguito Ardenti, &#8211; che il consiglio regionale aveva approvato un mio emendamento che prevede la possibilit\u00e0 di domanda di inserimento nell&#8217;elenco solo a coloro i quali, alternativamente, abbiano acquisito il titolo in Liguria, prestino attivit\u00e0 lavorativa sul nostro territorio o siano residenti nella nostra regione\u201d.<\/p>\n<p>\u201cRingrazio i componenti del Comitato tecnico scientifico OSS Liguria e in particolare il presidente Massimiliano\u00a0Margiotta, che ha fortemente voluto la legge costitutiva dell&#8217;elenco e degli enti accreditati per la formazione in ambito ligure\u201d.<\/p>\n<p>\u201cL\u2019iscrizione \u00e8 volontaria\u00a0e non costituisce un requisito per l&#8217;esercizio della professione. Per effettuarla \u00e8 necessario essere in possesso dell&#8217;attestazione di Operatore socio sanitario, conseguita a seguito di corso di formazione presso un soggetto accreditato secondo quanto previsto dalla normativa statale e regionale\u201d.<\/p>\n<p>\u201cAi fini dell&#8217;iscrizione nell&#8217;elenco, occorre quindi presentare un&#8217;autocertificazione che attesti il titolo abilitante, la dichiarazione relativa alla denominazione dell&#8217;istituto in cui il titolo \u00e8 stato conseguito e, per il titolo acquisito all&#8217;estero, la dichiarazione di valore in Italia\u201d.<\/p>\n<p>\u201cL\u2019elenco verr\u00e0 aggiornato ogni sei mesi\u00a0e, attraverso controlli periodici, sar\u00e0 verificata la validit\u00e0 delle iscrizioni. Il termine ultimo per la presentazione delle domande \u00e8 stato fissato per il 31 ottobre 2019\u201d, ha concluso Ardenti.<\/p>\n","protected":false},"excerpt":{"rendered":"<p>\u201cVerr\u00e0 aggiornato ogni 6 mesi\u00a0e, attraverso controlli periodici, sar\u00e0 verificata validit\u00e0 delle iscrizioni\u201d<\/p>\n","protected":false},"author":18599,"featured_media":0,"comment_status":"open","ping_status":"closed","sticky":false,"template":"","format":"standard","meta":{"footnotes":""},"categories":[56],"tags":[108637,223],"class_list":["post-473786","post","type-post","status-publish","format-standard","hentry","category-altre","tag-elenco-regionale-oss","tag-regione-liguria","post_tag_personaggi-paolo-ardenti"],"amp_validity":null,"amp_enabled":true,"_links":{"self":[{"href":"https:\/\/staging.ivg.it\/ediapi\/wp\/v2\/posts\/473786","targetHints":{"allow":["GET"]}}],"collection":[{"href":"https:\/\/staging.ivg.it\/ediapi\/wp\/v2\/posts"}],"about":[{"href":"https:\/\/staging.ivg.it\/ediapi\/wp\/v2\/types\/post"}],"author":[{"embeddable":true,"href":"https:\/\/staging.ivg.it\/ediapi\/wp\/v2\/users\/18599"}],"replies":[{"embeddable":true,"href":"https:\/\/staging.ivg.it\/ediapi\/wp\/v2\/comments?post=473786"}],"version-history":[{"count":0,"href":"https:\/\/staging.ivg.it\/ediapi\/wp\/v2\/posts\/473786\/revisions"}],"wp:attachment":[{"href":"https:\/\/staging.ivg.it\/ediapi\/wp\/v2\/media?parent=473786"}],"wp:term":[{"taxonomy":"category","embeddable":true,"href":"https:\/\/staging.ivg.it\/ediapi\/wp\/v2\/categories?post=473786"},{"taxonomy":"post_tag","embeddable":true,"href":"https:\/\/staging.ivg.it\/ediapi\/wp\/v2\/tags?post=473786"}],"curies":[{"name":"wp","href":"https:\/\/api.w.org\/{rel}","templated":true}]}}