{"id":47347,"date":"2009-01-19T17:55:19","date_gmt":"2009-01-19T16:55:19","guid":{"rendered":"http:\/\/www.ivg.it\/2009\/01\/19\/cairo-ap-da-lunedi-tutti-i-dipendenti-in-cassa-integrazione\/"},"modified":"2009-01-20T12:38:33","modified_gmt":"2009-01-20T11:38:33","slug":"cairo-ap-da-lunedi-tutti-i-dipendenti-in-cassa-integrazione","status":"publish","type":"post","link":"https:\/\/staging.ivg.it\/2009\/01\/cairo-ap-da-lunedi-tutti-i-dipendenti-in-cassa-integrazione\/","title":{"rendered":"Cairo, Ap: da luned\u00ec i dipendenti in cassa integrazione"},"content":{"rendered":"<p><strong>[thumb:4536:l]Cairo Montenotte. <\/strong>A partire da luned\u00ec prossimo i dipendenti della Ap di Cairo Montenotte andranno in cassa integrazione. Il provvedimento riguarder\u00e0 434 lavoratori (tra cui 130 impiegati), la totalit\u00e0 dell&#8217;organico dell&#8217;azienda valbormidese, specializzata nella componentistica per freni d&#8217;auto. Il ricorso agli ammortizzatori sociali dovrebbe durare tredici settimane, ovvero fino al 26 aprile.<\/p>\n<p>Moderata soddisfazione \u00e8 stata espressa dai sindacati, che paventavano il ricorso a licenziamenti e messe in stato di mobilit\u00e0. Max Paglietti, segretario provinciale della Fim Cisl, ha spiegato le cause della crisi che ha investito lo stabilimento cairese: &#8220;Gi\u00e0 nel 2008 la produzione di freni a tamburo era scesa del 40% e per quest&#8217;anno le stime si attestano al 25% in meno. Nel secondo semestre dell&#8217;anno, tuttavia, la produzione potrebbe registrare una leggera ripresa. Ed \u00e8 quello che noi auspichiamo&#8221;.<\/p>\n","protected":false},"excerpt":{"rendered":"<p>[thumb:4536:l]Cairo Montenotte. A partire da luned\u00ec prossimo i dipendenti della Ap di Cairo Montenotte andranno in cassa integrazione. Il provvedimento riguarder\u00e0 434 lavoratori (tra cui 130 impiegati), la totalit\u00e0 dell&#8217;organico dell&#8217;azienda valbormidese, specializzata nella componentistica per freni d&#8217;auto. Il ricorso agli ammortizzatori sociali dovrebbe durare tredici settimane, ovvero fino al 26 aprile. Moderata soddisfazione \u00e8 [&hellip;]<\/p>\n","protected":false},"author":13744,"featured_media":0,"comment_status":"open","ping_status":"closed","sticky":false,"template":"","format":"standard","meta":{"footnotes":""},"categories":[35],"tags":[1736,85987,1526,871],"class_list":["post-47347","post","type-post","status-publish","format-standard","hentry","category-economia","tag-ap","tag-cairo-montenotte","tag-cassa-integrazione","tag-lavoratori","post_cat_citta-cairo-montenotte"],"amp_validity":null,"amp_enabled":true,"_links":{"self":[{"href":"https:\/\/staging.ivg.it\/ediapi\/wp\/v2\/posts\/47347","targetHints":{"allow":["GET"]}}],"collection":[{"href":"https:\/\/staging.ivg.it\/ediapi\/wp\/v2\/posts"}],"about":[{"href":"https:\/\/staging.ivg.it\/ediapi\/wp\/v2\/types\/post"}],"author":[{"embeddable":true,"href":"https:\/\/staging.ivg.it\/ediapi\/wp\/v2\/users\/13744"}],"replies":[{"embeddable":true,"href":"https:\/\/staging.ivg.it\/ediapi\/wp\/v2\/comments?post=47347"}],"version-history":[{"count":0,"href":"https:\/\/staging.ivg.it\/ediapi\/wp\/v2\/posts\/47347\/revisions"}],"wp:attachment":[{"href":"https:\/\/staging.ivg.it\/ediapi\/wp\/v2\/media?parent=47347"}],"wp:term":[{"taxonomy":"category","embeddable":true,"href":"https:\/\/staging.ivg.it\/ediapi\/wp\/v2\/categories?post=47347"},{"taxonomy":"post_tag","embeddable":true,"href":"https:\/\/staging.ivg.it\/ediapi\/wp\/v2\/tags?post=47347"}],"curies":[{"name":"wp","href":"https:\/\/api.w.org\/{rel}","templated":true}]}}