{"id":473403,"date":"2019-07-27T10:05:38","date_gmt":"2019-07-27T08:05:38","guid":{"rendered":"http:\/\/www.ivg.it\/?p=473403"},"modified":"2019-07-27T10:07:38","modified_gmt":"2019-07-27T08:07:38","slug":"croce-rossa-di-loano-nel-mirino-dei-vandali-righe-sulle-ambulanze-e-uova-contro-la-sede","status":"publish","type":"post","link":"https:\/\/staging.ivg.it\/2019\/07\/croce-rossa-di-loano-nel-mirino-dei-vandali-righe-sulle-ambulanze-e-uova-contro-la-sede\/","title":{"rendered":"Croce Rossa di Loano nel mirino dei vandali: righe sulle ambulanze e uova contro la sede"},"content":{"rendered":"<p><strong>Loano.<\/strong> Una serie di atti vandalici sta colpendo negli ultimi tempi la Croce Rossa di Loano. Diversi gli episodi: righe sui mezzi, ruote sgonfiate. Fino all&#8217;ultimo, forse il pi\u00f9 grave di tutti: un lancio di uova che ha colpito le vetrate del Comitato.<\/p>\n<p>&#8220;Di per s\u00e8 non sono danni ingenti &#8211; spiegano dall&#8217;associazione di volontariato &#8211; il vero problema \u00e8 il clima che scatenano, ovvero lo sconforto pi\u00f9 totale. Un&#8217;ambulanza completa atta a soccorrere con tutti i presidi ha un valore materiale di circa novantamila euro, mentre il sua valenza sociale \u00e8 incalcolabile&#8221;.<\/p>\n<p>Nonostante le difficolt\u00e0, i volontari continuano a lavorare con entusiasmo. Anche quest&#8217;anno ad esempio, grazie al fondamentale contributo del Comune e dei Bagni Marini, il comitato locale ha potuto assumere dipendenti per il &#8220;bici soccorso&#8221; sul lungomare. &#8220;Vogliamo ringraziare l&#8217;amministrazione e i balneari &#8211; spiegano dalla Cri loanese &#8211; Queste collaborazioni aiutano la citt\u00e0 e garantiscono  un servizio migliore&#8221;. Anche se pure qui le difficolt\u00e0 non mancano: un ciclista della Croce Rossa ad esempio \u00e8 appena rientrato dopo otto giorni di infortunio a causa di un incidente, causato da un&#8217;auto che ha svoltato all&#8217;improvviso senza mettere la freccia costringendolo a inchiodare di colpo e cadere a terra.<\/p>\n<p>Il personale volontario e i dipendenti continuano a impegnarsi tra copertura del territorio, servizi e durante il periodo estivo anche con Bicisoccorso e grosse manifestazioni: &#8220;Ne approfittiamo per ricordare alla popolazione la grande carenza di volontari che sta colpendo tutto il mondo del volontariato e di conseguenza il nostro Comitato &#8211; concludono &#8211; per questo entro la fine dell&#8217;anno partir\u00e0 un nuovo Corso di Reclutamento&#8221; (maggiori informazioni sul sito www.criloano.it). Il prossimo appuntamento &#8220;pubblico&#8221; della Croce Rossa sar\u00e0 cona la prima &#8220;Sagra della Bruschetta&#8221; il 2 e 3 agosto dalle ore 19 sul lungomare di Loano.<\/p>\n","protected":false},"excerpt":{"rendered":"<p>I volontari continuano a lavorare nonostante le difficolt\u00e0: uno di loro ad esempio ha avuto un incidente mentre era impegnato nel bicisoccorso<\/p>\n","protected":false},"author":10593,"featured_media":0,"comment_status":"open","ping_status":"closed","sticky":false,"template":"","format":"standard","meta":{"footnotes":""},"categories":[45296,34],"tags":[55452],"class_list":["post-473403","post","type-post","status-publish","format-standard","hentry","category-copertina","category-cronaca","tag-croce-rossa-loano","post_cat_citta-loano"],"amp_validity":null,"amp_enabled":true,"_links":{"self":[{"href":"https:\/\/staging.ivg.it\/ediapi\/wp\/v2\/posts\/473403","targetHints":{"allow":["GET"]}}],"collection":[{"href":"https:\/\/staging.ivg.it\/ediapi\/wp\/v2\/posts"}],"about":[{"href":"https:\/\/staging.ivg.it\/ediapi\/wp\/v2\/types\/post"}],"author":[{"embeddable":true,"href":"https:\/\/staging.ivg.it\/ediapi\/wp\/v2\/users\/10593"}],"replies":[{"embeddable":true,"href":"https:\/\/staging.ivg.it\/ediapi\/wp\/v2\/comments?post=473403"}],"version-history":[{"count":0,"href":"https:\/\/staging.ivg.it\/ediapi\/wp\/v2\/posts\/473403\/revisions"}],"wp:attachment":[{"href":"https:\/\/staging.ivg.it\/ediapi\/wp\/v2\/media?parent=473403"}],"wp:term":[{"taxonomy":"category","embeddable":true,"href":"https:\/\/staging.ivg.it\/ediapi\/wp\/v2\/categories?post=473403"},{"taxonomy":"post_tag","embeddable":true,"href":"https:\/\/staging.ivg.it\/ediapi\/wp\/v2\/tags?post=473403"}],"curies":[{"name":"wp","href":"https:\/\/api.w.org\/{rel}","templated":true}]}}