{"id":473263,"date":"2019-07-25T15:01:37","date_gmt":"2019-07-25T13:01:37","guid":{"rendered":"http:\/\/www.ivg.it\/?p=473263"},"modified":"2019-07-25T15:01:37","modified_gmt":"2019-07-25T13:01:37","slug":"savona-articolo-uno-apre-al-dialogo-creiamo-un-nuovo-centrosinistra-per-battere-questa-destra","status":"publish","type":"post","link":"https:\/\/staging.ivg.it\/2019\/07\/savona-articolo-uno-apre-al-dialogo-creiamo-un-nuovo-centrosinistra-per-battere-questa-destra\/","title":{"rendered":"Savona, Articolo Uno apre al dialogo: &#8220;Creiamo un nuovo centrosinistra per battere questa destra&#8221;"},"content":{"rendered":"<p><strong>Savona.<\/strong> &#8220;Siamo disponibili fin da subito ad aprire un &#8216;tavolo&#8217; di centrosinistra in previsione delle prossime elezioni regionali e comunali. Un centrosinistra alternativo chiaramente in tutte le tematiche al centrodestra, in particolare a questro centrodestra sempre meno centro e pi\u00f9 destra&#8221;. Ad annunciarlo \u00e8 la sezione savonese di Articolo Uno.<\/p>\n<p>&#8220;Auspichiamo che il percorso iniziato a livello nazionale con le scorse elezioni europee anche nella nostra regione e nel Comune di Savona, non s&#8217;interrompa, sarebbe gravissimo &#8211; prosegue il coordinatore provinciale Simone Anselmo &#8211; Bisogna urgentemente costruire un nuovo centrosinistra con una forte discontinuit\u00e0 con il recente passato, che metta al centro della sua azione politica alcuni principi: una politica di crescita con investimenti pubblici, un sistema fiscale basato sulla progressivit\u00e0, la difesa della sanit\u00e0 e della scuola, il loro carattere pubblico e universalistico&#8221;.<\/p>\n<p>&#8220;Cambiamento e unit\u00e0: questa deve essere la bussola per costruire un nuovo centrosinistra e puntare a vincere le elezioni regionali &#8211; dicono da Articolo Uno &#8211; Non \u00e8 facile, anzi \u00e8 difficile, ma vincere si pu\u00f2. Abbiamo iniziato a discutere tra tutte le forze progressiste a livello regionale, partendo dalla sanit\u00e0 ma questo non \u00e8 sufficiente: oltre ai programmi servono candidature forti e di discontinuit\u00e0, persone che rappresentino al meglio il centrosinistra. Chiediamo che il Partito Democratico, anche a Savona, si faccia carico di essere promotore di un nuovo centrosinistra&#8221;.<\/p>\n","protected":false},"excerpt":{"rendered":"<p>Un tavolo in vista di elezioni regionali e comunali: &#8220;Vincere \u00e8 difficile ma possibile&#8221;<\/p>\n","protected":false},"author":10593,"featured_media":0,"comment_status":"open","ping_status":"closed","sticky":false,"template":"","format":"standard","meta":{"footnotes":""},"categories":[31],"tags":[106634],"class_list":["post-473263","post","type-post","status-publish","format-standard","hentry","category-politica","tag-articolo-uno","post_cat_citta-savona","post_tag_personaggi-simone-anselmo"],"amp_validity":null,"amp_enabled":true,"_links":{"self":[{"href":"https:\/\/staging.ivg.it\/ediapi\/wp\/v2\/posts\/473263","targetHints":{"allow":["GET"]}}],"collection":[{"href":"https:\/\/staging.ivg.it\/ediapi\/wp\/v2\/posts"}],"about":[{"href":"https:\/\/staging.ivg.it\/ediapi\/wp\/v2\/types\/post"}],"author":[{"embeddable":true,"href":"https:\/\/staging.ivg.it\/ediapi\/wp\/v2\/users\/10593"}],"replies":[{"embeddable":true,"href":"https:\/\/staging.ivg.it\/ediapi\/wp\/v2\/comments?post=473263"}],"version-history":[{"count":0,"href":"https:\/\/staging.ivg.it\/ediapi\/wp\/v2\/posts\/473263\/revisions"}],"wp:attachment":[{"href":"https:\/\/staging.ivg.it\/ediapi\/wp\/v2\/media?parent=473263"}],"wp:term":[{"taxonomy":"category","embeddable":true,"href":"https:\/\/staging.ivg.it\/ediapi\/wp\/v2\/categories?post=473263"},{"taxonomy":"post_tag","embeddable":true,"href":"https:\/\/staging.ivg.it\/ediapi\/wp\/v2\/tags?post=473263"}],"curies":[{"name":"wp","href":"https:\/\/api.w.org\/{rel}","templated":true}]}}