{"id":47295,"date":"2009-01-19T12:47:17","date_gmt":"2009-01-19T11:47:17","guid":{"rendered":"http:\/\/www.ivg.it\/2009\/01\/19\/47295\/"},"modified":"2009-01-19T12:55:56","modified_gmt":"2009-01-19T11:55:56","slug":"47295","status":"publish","type":"post","link":"https:\/\/staging.ivg.it\/2009\/01\/47295\/","title":{"rendered":"Messa in memoria dei piloti precipitati con il canadair"},"content":{"rendered":"<p><strong>[thumb:3790:l]Savona. <\/strong>Si terr\u00e0 sabato 31 gennaio, alle 9,30, presso la chiesa della Madonna del Monte, la messa di commemorazione per Claudio Garibaldi e Rosario Pierro, i piloti del Canadair precipitato il 27 gennaio 1989 durante le operazioni di spegnimento di un incendio che interessava proprio la collina che ospita il Santuario posto alle spalle di Zinola.<\/p>\n<p>In occasione del ventennale del tragico evento, sabato 31 gennaio, alle ore 9,30, verr\u00e0 celebrata una messa presieduta dal vescovo Vittorio Lupi e concelebrata dal parroco di Zinola, don Giancarlo Frumento. Come gi\u00e0 \u00e8 avvenuto gli scorsi anni, l&#8217;iniziativa \u00e8 concordata tra la confraternita di sant&#8217;Ambrogio di Legino, proprietaria dell&#8217;edificio, e la parrocchia di Zinola, competente per territorio.<\/p>\n<p>Dopo la celebrazione, alle ore 10.30, nei locali del vicino ristorante si svolger\u00e0 un incontro-seminario, a cura della Comunit\u00e0 montana del Giovo, in cui sar\u00e0 presentata l&#8217;attivit\u00e0 dell&#8217;antincendio boschivo della nostra provincia. All&#8217;incontro parteciperanno le autorit\u00e0 regionali e locali, esponenti delle forze dell&#8217;ordine, della guardia forestale, oltre, ovviamente, alle organizzazioni di protezione civile ed antincendio boschivo. Non mancheranno, infine, delegazioni delle Pubbliche assistenze e della Croce rossa.<\/p>\n","protected":false},"excerpt":{"rendered":"<p>[thumb:3790:l]Savona. Si terr\u00e0 sabato 31 gennaio, alle 9,30, presso la chiesa della Madonna del Monte, la messa di commemorazione per Claudio Garibaldi e Rosario Pierro, i piloti del Canadair precipitato il 27 gennaio 1989 durante le operazioni di spegnimento di un incendio che interessava proprio la collina che ospita il Santuario posto alle spalle di [&hellip;]<\/p>\n","protected":false},"author":1385,"featured_media":0,"comment_status":"open","ping_status":"closed","sticky":false,"template":"","format":"standard","meta":{"footnotes":""},"categories":[],"tags":[5924,1289,676,5927,1658,677,4306,85860,85850],"class_list":["post-47295","post","type-post","status-publish","format-standard","hentry","tag-antincendio-boschivo","tag-caduti","tag-canadair","tag-celebrazione","tag-messa","tag-protezione-civile","tag-pubbliche-assistenze","tag-quiliano","tag-savona","post_cat_citta-quiliano","post_cat_citta-savona"],"amp_validity":null,"amp_enabled":true,"_links":{"self":[{"href":"https:\/\/staging.ivg.it\/ediapi\/wp\/v2\/posts\/47295","targetHints":{"allow":["GET"]}}],"collection":[{"href":"https:\/\/staging.ivg.it\/ediapi\/wp\/v2\/posts"}],"about":[{"href":"https:\/\/staging.ivg.it\/ediapi\/wp\/v2\/types\/post"}],"author":[{"embeddable":true,"href":"https:\/\/staging.ivg.it\/ediapi\/wp\/v2\/users\/1385"}],"replies":[{"embeddable":true,"href":"https:\/\/staging.ivg.it\/ediapi\/wp\/v2\/comments?post=47295"}],"version-history":[{"count":0,"href":"https:\/\/staging.ivg.it\/ediapi\/wp\/v2\/posts\/47295\/revisions"}],"wp:attachment":[{"href":"https:\/\/staging.ivg.it\/ediapi\/wp\/v2\/media?parent=47295"}],"wp:term":[{"taxonomy":"category","embeddable":true,"href":"https:\/\/staging.ivg.it\/ediapi\/wp\/v2\/categories?post=47295"},{"taxonomy":"post_tag","embeddable":true,"href":"https:\/\/staging.ivg.it\/ediapi\/wp\/v2\/tags?post=47295"}],"curies":[{"name":"wp","href":"https:\/\/api.w.org\/{rel}","templated":true}]}}