{"id":472904,"date":"2019-07-22T11:41:58","date_gmt":"2019-07-22T09:41:58","guid":{"rendered":"http:\/\/www.ivg.it\/?p=472904"},"modified":"2019-07-22T16:42:45","modified_gmt":"2019-07-22T14:42:45","slug":"sorrisi-ed-emozioni-tra-le-onde-ad-albissola-ce-la-jet-sky-therapy-con-fabio-incorvaia","status":"publish","type":"post","link":"https:\/\/staging.ivg.it\/2019\/07\/sorrisi-ed-emozioni-tra-le-onde-ad-albissola-ce-la-jet-sky-therapy-con-fabio-incorvaia\/","title":{"rendered":"Sorrisi ed emozioni tra le onde: ad Albissola c&#8217;\u00e8 la &#8220;Jet Ski Therapy&#8221; con Fabio Incorvaia"},"content":{"rendered":"<p><strong>Albissola Marina.<\/strong> Una giornata di &#8220;Jet Ski Therapy&#8221; per far provare ai ragazzi disabili l&#8217;emozione di cavalcare le onde con una moto d&#8217;acqua. E&#8217; quella organizzata ad Albissola Marina, nello stabilimento Soleluna, dal campione savonese Fabio Incorvaia che ha messo a disposizione il suo talento per far divertire chi \u00e8 meno fortunato.<\/p>\n<p>Il presidente della Regione Giovanni Toti: &#8220;Quella di oggi \u00e8 davvero una bella iniziativa che coinvolge un&#8217;intera comunit\u00e0 con famiglie, bambini, associazioni di volontariato con i cani da salvataggio, e molte altre persone, tutti insieme per assicurare a ragazzi con diverse disabilit\u00e0 una giornata di divertimento e di emozione grazie alla generosit\u00e0 di un grande campione come Fabio Incorvaia. Credo sia un esempio positivo di una grande sensibilit\u00e0 che anche Regione ha dimostrato in questi anni nei confronti delle persone disabili&#8221;.<\/p>\n<p>&#8220;L&#8217;Italia \u2013 ha concluso il governatore \u2013 ha bisogno di uno Stato che sia vicino a chi \u00e8 in difficolt\u00e0, come abbiamo fatto in Liguria. E anche per me che oggi non sono salito sulla moto ad acqua, \u00e8 stato comunque emozionante vedere l&#8217;entusiasmo e la gioia regalati a questi ragazzi&#8221;.<\/p>\n<p>&#8220;Abbiamo un campione assoluto che lo \u00e8 anche nella solidariet\u00e0. L&#8217;idea di mettere a disposizione il proprio talento e dare gioia a questi ragazzi \u00e8 qualcosa di straordinario&#8221; commenta l&#8217;assessore regionale allo sport Ilaria Cavo che ha partecipato alla manifestazione.<\/p>\n<p>&#8220;Mi fa piacere essere qui, ed \u00e8 bello parlare con chi partecipa a questo evento e vedere quanto \u00e8 felice di avere questa opportunit\u00e0 e provare questa ebbrezza. Ci vogliono momenti come questo e noi continueremo a sostenere lo sport come inclusione sociale&#8221; aggiunge Cavo.<\/p>\n<p>&#8220;E&#8217; anche tramite lo sport che si pu\u00f2 includere sempre di pi\u00f9 questi ragazzi. La Jet Ski Therapy pu\u00f2 diventare uno degli strumenti con cui lo sport include i disabili e sicuramente avere un&#8217;eccellenza qui come Fabio e tanta buona volont\u00e0 anche di tutti gli organizzatori e volontari pu\u00f2 diventare una buona base di partenza su cui costruire qualcosa che sia eccellenza dello sport e della solidariet\u00e0&#8221; conclude l&#8217;assessore regionale allo sport.<\/p>\n","protected":false},"excerpt":{"rendered":"<p>Il campione di moto d&#8217;acqua accompagner\u00e0 i ragazzi disabili alla scoperta della sua disciplina, l&#8217;assessore regionale Cavo: &#8220;Momento di inclusione sociale&#8221;<\/p>\n","protected":false},"author":2394,"featured_media":0,"comment_status":"open","ping_status":"closed","sticky":false,"template":"","format":"standard","meta":{"footnotes":""},"categories":[56],"tags":[108156,86212],"class_list":["post-472904","post","type-post","status-publish","format-standard","hentry","category-altre","tag-jet-ski-therapy","tag-soleluna-village-albissola","post_cat_citta-albissola-marina","post_tag_personaggi-fabio-incorvaia"],"amp_validity":null,"amp_enabled":true,"_links":{"self":[{"href":"https:\/\/staging.ivg.it\/ediapi\/wp\/v2\/posts\/472904","targetHints":{"allow":["GET"]}}],"collection":[{"href":"https:\/\/staging.ivg.it\/ediapi\/wp\/v2\/posts"}],"about":[{"href":"https:\/\/staging.ivg.it\/ediapi\/wp\/v2\/types\/post"}],"author":[{"embeddable":true,"href":"https:\/\/staging.ivg.it\/ediapi\/wp\/v2\/users\/2394"}],"replies":[{"embeddable":true,"href":"https:\/\/staging.ivg.it\/ediapi\/wp\/v2\/comments?post=472904"}],"version-history":[{"count":0,"href":"https:\/\/staging.ivg.it\/ediapi\/wp\/v2\/posts\/472904\/revisions"}],"wp:attachment":[{"href":"https:\/\/staging.ivg.it\/ediapi\/wp\/v2\/media?parent=472904"}],"wp:term":[{"taxonomy":"category","embeddable":true,"href":"https:\/\/staging.ivg.it\/ediapi\/wp\/v2\/categories?post=472904"},{"taxonomy":"post_tag","embeddable":true,"href":"https:\/\/staging.ivg.it\/ediapi\/wp\/v2\/tags?post=472904"}],"curies":[{"name":"wp","href":"https:\/\/api.w.org\/{rel}","templated":true}]}}