{"id":472842,"date":"2019-07-21T09:16:51","date_gmt":"2019-07-21T07:16:51","guid":{"rendered":"http:\/\/www.ivg.it\/?p=472842"},"modified":"2019-07-22T16:37:02","modified_gmt":"2019-07-22T14:37:02","slug":"pietra-vandalizzate-due-panchine-nella-notte-in-pieno-centro","status":"publish","type":"post","link":"https:\/\/staging.ivg.it\/2019\/07\/pietra-vandalizzate-due-panchine-nella-notte-in-pieno-centro\/","title":{"rendered":"Pietra, vandalizzate due panchine nella notte in pieno centro"},"content":{"rendered":"<p><strong>Pietra Ligure. <\/strong>Vandali in azione nella notte a Pietra Ligure dove sono state danneggiate due panchine nella zona di piazza San Nicol\u00f2.<\/p>\n<p>Una delle due panchine, quella installata pi\u00f9 di recente, \u00e8 stata ribaltata e nella caduta si \u00e8 rotta la pietra con cui era stata realizzata la struttura.<\/p>\n<p>La seconda, in ferro battuto, \u00e8 stata letteralmente sradicata dalla pavimentazione in porfido della piazza.<\/p>\n<p><em>Foto di Fabio Viziano pubblicate dalla pagina Facebook Pietra Ligure On Air<\/em><\/p>\n","protected":false},"excerpt":{"rendered":"<p>I danneggiamenti sono avvenuti nella zona di piazza San Nicol\u00f2<\/p>\n","protected":false},"author":2394,"featured_media":0,"comment_status":"open","ping_status":"closed","sticky":false,"template":"","format":"standard","meta":{"footnotes":""},"categories":[45296,34],"tags":[26564],"class_list":["post-472842","post","type-post","status-publish","format-standard","hentry","category-copertina","category-cronaca","tag-raid-vandalico","post_cat_citta-pietra-ligure"],"amp_validity":null,"amp_enabled":true,"_links":{"self":[{"href":"https:\/\/staging.ivg.it\/ediapi\/wp\/v2\/posts\/472842","targetHints":{"allow":["GET"]}}],"collection":[{"href":"https:\/\/staging.ivg.it\/ediapi\/wp\/v2\/posts"}],"about":[{"href":"https:\/\/staging.ivg.it\/ediapi\/wp\/v2\/types\/post"}],"author":[{"embeddable":true,"href":"https:\/\/staging.ivg.it\/ediapi\/wp\/v2\/users\/2394"}],"replies":[{"embeddable":true,"href":"https:\/\/staging.ivg.it\/ediapi\/wp\/v2\/comments?post=472842"}],"version-history":[{"count":0,"href":"https:\/\/staging.ivg.it\/ediapi\/wp\/v2\/posts\/472842\/revisions"}],"wp:attachment":[{"href":"https:\/\/staging.ivg.it\/ediapi\/wp\/v2\/media?parent=472842"}],"wp:term":[{"taxonomy":"category","embeddable":true,"href":"https:\/\/staging.ivg.it\/ediapi\/wp\/v2\/categories?post=472842"},{"taxonomy":"post_tag","embeddable":true,"href":"https:\/\/staging.ivg.it\/ediapi\/wp\/v2\/tags?post=472842"}],"curies":[{"name":"wp","href":"https:\/\/api.w.org\/{rel}","templated":true}]}}