{"id":472839,"date":"2019-07-21T08:39:02","date_gmt":"2019-07-21T06:39:02","guid":{"rendered":"http:\/\/www.ivg.it\/?p=472839"},"modified":"2019-07-21T08:39:02","modified_gmt":"2019-07-21T06:39:02","slug":"meteo-domenica-velata-e-afosa-temperature-e-umidita-in-crescita","status":"publish","type":"post","link":"https:\/\/staging.ivg.it\/2019\/07\/meteo-domenica-velata-e-afosa-temperature-e-umidita-in-crescita\/","title":{"rendered":"Meteo, domenica velata e afosa: temperature e umidit\u00e0 in crescita"},"content":{"rendered":"<p><strong>Genova. <\/strong>Al primo mattino qualche nube bassa (maccaja) potr\u00e0 attardarsi sul tratto costiero tra Savona e Genova e in mare aperto, in rapido dissolvimento gi\u00e0 nel corso della mattinata. Pomeriggio stabile e soleggiato pressoch\u00e8 ovunque, a parte il transito da ovest verso est di velature e sparute nubi alte. Nubi cumuliformi interesseranno le alpi liguri e le zone di confine di val Trebbia e Aveto, dove potranno avere luogo localizzati e brevi piovaschi o rovesci. Nuovamente tutto tranquillo in serata.<\/p>\n<p>Nuovo rinforzo dell&#8217;alta africana sui settori ovest del Mediterraneo. Nei prossimi giorni tempo, quindi, per lo pi\u00f9 stabile e soleggiato, con temperature in progressivo aumento.<\/p>\n<p>Venti: Deboli, a regime di brezza o al pi\u00f9 brezza tesa, dai quadranti meridionali lungo le coste, fino a moderati sui versanti padani (marin bianco). Mari: Generalmente quasi calmi.<\/p>\n<p>Temperature: In lieve aumento.<br \/>\nCosta min: +18\/+23\u00b0C, max: +26\/+30\u00b0C<br \/>\nInterno min: +10\/+19\u00b0C, max: +26\/+30\u00b0C<\/p>\n","protected":false},"excerpt":{"rendered":"<p>Una situazione che, secondo le previsioni di Limet, si ripeter\u00e0 nei prossimi giorni<\/p>\n","protected":false},"author":2394,"featured_media":0,"comment_status":"open","ping_status":"closed","sticky":false,"template":"","format":"standard","meta":{"footnotes":""},"categories":[56],"tags":[65228,652,45966],"class_list":["post-472839","post","type-post","status-publish","format-standard","hentry","category-altre","tag-centro-limet","tag-meteo","tag-meteo-liguria","post_cat_citta-savona"],"amp_validity":null,"amp_enabled":true,"_links":{"self":[{"href":"https:\/\/staging.ivg.it\/ediapi\/wp\/v2\/posts\/472839","targetHints":{"allow":["GET"]}}],"collection":[{"href":"https:\/\/staging.ivg.it\/ediapi\/wp\/v2\/posts"}],"about":[{"href":"https:\/\/staging.ivg.it\/ediapi\/wp\/v2\/types\/post"}],"author":[{"embeddable":true,"href":"https:\/\/staging.ivg.it\/ediapi\/wp\/v2\/users\/2394"}],"replies":[{"embeddable":true,"href":"https:\/\/staging.ivg.it\/ediapi\/wp\/v2\/comments?post=472839"}],"version-history":[{"count":0,"href":"https:\/\/staging.ivg.it\/ediapi\/wp\/v2\/posts\/472839\/revisions"}],"wp:attachment":[{"href":"https:\/\/staging.ivg.it\/ediapi\/wp\/v2\/media?parent=472839"}],"wp:term":[{"taxonomy":"category","embeddable":true,"href":"https:\/\/staging.ivg.it\/ediapi\/wp\/v2\/categories?post=472839"},{"taxonomy":"post_tag","embeddable":true,"href":"https:\/\/staging.ivg.it\/ediapi\/wp\/v2\/tags?post=472839"}],"curies":[{"name":"wp","href":"https:\/\/api.w.org\/{rel}","templated":true}]}}