{"id":472732,"date":"2019-07-19T16:28:17","date_gmt":"2019-07-19T14:28:17","guid":{"rendered":"http:\/\/www.ivg.it\/?p=472732"},"modified":"2019-07-19T16:28:17","modified_gmt":"2019-07-19T14:28:17","slug":"regione-arriva-il-via-libera-della-giunta-nasce-lelenco-regionale-degli-oss","status":"publish","type":"post","link":"https:\/\/staging.ivg.it\/2019\/07\/regione-arriva-il-via-libera-della-giunta-nasce-lelenco-regionale-degli-oss\/","title":{"rendered":"Regione, arriva il via libera della giunta: nasce l\u2019elenco regionale degli Oss"},"content":{"rendered":"<p><b>Regione. <\/b>Nasce in Liguria l&#8217;elenco regionale degli Operatori socio sanitari (Oss). La giunta, su proposta della vicepresidente e assessore alla Sanit\u00e0 Sonia Viale, ha approvato oggi la delibera che istituisce l&#8217;elenco, in attuazione della legge approvata all&#8217;unanimit\u00e0 dal Consiglio il 17 dicembre scorso.<\/p>\n<p>Per procedere all&#8217;iscrizione, che \u00e8 volontaria, sar\u00e0 necessario presentare un&#8217;autocertificazione che attesti i titoli che abilitano all&#8217;esercizio della professione. Saranno poi effettuati controlli periodici a campione per verificarne la veridicit\u00e0. Tra i requisiti per l&#8217;iscrizione, oltre all&#8217;assolvimento dell&#8217;obbligo scolastico, il fatto di aver acquisito il titolo in Liguria oppure, in alternativa, di lavorare in Liguria oppure di essere residenti sul territorio ligure.<\/p>\n<p>&#8220;L&#8217;istituzione di questo registro \u2013 spiega la vicepresidente e assessore alla Sanit\u00e0 Sonia Viale &#8211; nasce dall&#8217;esigenza, manifestata anche dagli organi rappresentativi del settore, di fare chiarezza rispetto a momenti vissuti di confusione sul titolo di Oss o di scarsa conoscenza dei titoli corretti che abilitano all&#8217;esercizio di questa professione. Ritengo sia un valido aiuto, non solo per i singoli cittadini ma anche per associazioni e enti gestori, ad orientarsi rispetto a chi \u00e8 effettivamente Oss, a tutela di chi svolge questa importante professione e dei pazienti\u201d.<\/p>\n<p>\u201cQuesto registro \u2013 prosegue Viale &#8211; costituisce una specificit\u00e0 ligure perch\u00e9 siamo tra le poche regioni ad offrire questa opportunit\u00e0: si tratta di una figura di sempre maggiore rilievo nel nostro sistema sanitario&#8221;.<\/p>\n<p>L&#8217;assessore ribadisce poi l&#8217;impegno a bandire il concorsone per Oss entro la fine dell&#8217;anno: &#8220;Nei prossimi mesi avvieremo le procedure per il concorso rivolto agli Operatori Socio Sanitari, per i quali abbiamo graduatorie vecchie e in esaurimento&#8221;.<\/p>\n<p>Al momento dell&#8217;iscrizione, che comunque essendo volontaria non costituisce un requisito per l&#8217;esercizio dell&#8217;attivit\u00e0, l&#8217;operatore socio sanitario dovr\u00e0 allegare la fotocopia dell&#8217;attestato di qualifica ottenuto e la dichiarazione relativa alla denominazione dell&#8217;istituto in cui l&#8217;ha conseguito. L&#8217;elenco verr\u00e0 aggiornato ogni sei mesi.<\/p>\n","protected":false},"excerpt":{"rendered":"<p>Viale: \u201cMisura attesa da settore per fare chiarezza a tutela di lavoratori e pazienti\u201d<\/p>\n","protected":false},"author":18599,"featured_media":0,"comment_status":"open","ping_status":"closed","sticky":false,"template":"","format":"standard","meta":{"footnotes":""},"categories":[56],"tags":[108637,223],"class_list":["post-472732","post","type-post","status-publish","format-standard","hentry","category-altre","tag-elenco-regionale-oss","tag-regione-liguria","post_tag_personaggi-sonia-viale"],"amp_validity":null,"amp_enabled":true,"_links":{"self":[{"href":"https:\/\/staging.ivg.it\/ediapi\/wp\/v2\/posts\/472732","targetHints":{"allow":["GET"]}}],"collection":[{"href":"https:\/\/staging.ivg.it\/ediapi\/wp\/v2\/posts"}],"about":[{"href":"https:\/\/staging.ivg.it\/ediapi\/wp\/v2\/types\/post"}],"author":[{"embeddable":true,"href":"https:\/\/staging.ivg.it\/ediapi\/wp\/v2\/users\/18599"}],"replies":[{"embeddable":true,"href":"https:\/\/staging.ivg.it\/ediapi\/wp\/v2\/comments?post=472732"}],"version-history":[{"count":0,"href":"https:\/\/staging.ivg.it\/ediapi\/wp\/v2\/posts\/472732\/revisions"}],"wp:attachment":[{"href":"https:\/\/staging.ivg.it\/ediapi\/wp\/v2\/media?parent=472732"}],"wp:term":[{"taxonomy":"category","embeddable":true,"href":"https:\/\/staging.ivg.it\/ediapi\/wp\/v2\/categories?post=472732"},{"taxonomy":"post_tag","embeddable":true,"href":"https:\/\/staging.ivg.it\/ediapi\/wp\/v2\/tags?post=472732"}],"curies":[{"name":"wp","href":"https:\/\/api.w.org\/{rel}","templated":true}]}}