{"id":472517,"date":"2019-07-17T17:19:01","date_gmt":"2019-07-17T15:19:01","guid":{"rendered":"http:\/\/www.ivg.it\/?p=472517"},"modified":"2019-07-17T17:19:01","modified_gmt":"2019-07-17T15:19:01","slug":"alassio-fa-le-corse-usando-la-licenza-di-un-autista-di-un-altro-comune-tassista-abusivo-multato-dalla-polizia-municipale","status":"publish","type":"post","link":"https:\/\/staging.ivg.it\/2019\/07\/alassio-fa-le-corse-usando-la-licenza-di-un-autista-di-un-altro-comune-tassista-abusivo-multato-dalla-polizia-municipale\/","title":{"rendered":"Alassio, fa le &#8220;corse&#8221; usando la licenza di un autista di un altro comune: tassista abusivo multato dalla polizia municipale"},"content":{"rendered":"<p><strong>Alassio<\/strong>. L&#8217;hanno &#8220;beccato&#8221; mentre con la licenza di un altro comune costiero faceva la spola tra il centro cittadino di Alassio e un noto stabilimento balneare. Per lui \u00e8 subito scattata la sanzione della polizia municipale. Le licenze dei tassisti hanno infatti valenza comunale e le corse devono partire o arrivare dal comune di pertinenza.<\/p>\n<p>&#8220;Abbiamo accolto le lamentele della categoria dei tassisti alassini \u2013 spiega Angelo Galtieri, vicesindaco del Comune di Alassio \u2013 e avviato una serie di controlli che sono culminati nella verifica di questo abuso&#8221;.<\/p>\n<p>&#8220;Il servizio \u2013 aggiunge Francesco Parrella \u2013 \u00e8 stato davvero capillare: abbiamo verificato ogni mezzo e ogni licenza. Purtroppo ci segnalano anche l&#8217;esistenza di mezzi privati, privi di insegne di sorta, in azione in citt\u00e0 e in questo caso i controlli sono pi\u00f9 complessi. Stiamo comunque predisponendo appositi servizi mirati nei luoghi che sappiamo essere pi\u00f9 attenzionati&#8221;.<\/p>\n","protected":false},"excerpt":{"rendered":"<p>Le licenze dei tassisti hanno valenza comunale e le corse devono partire o arrivare dal comune di pertinenza.<\/p>\n","protected":false},"author":12120,"featured_media":0,"comment_status":"open","ping_status":"closed","sticky":false,"template":"","format":"standard","meta":{"footnotes":""},"categories":[45296,34],"tags":[55220],"class_list":["post-472517","post","type-post","status-publish","format-standard","hentry","category-copertina","category-cronaca","tag-polizia-municipale-alassio","post_cat_citta-alassio","post_tag_personaggi-angelo-galtieri","post_tag_personaggi-francesco-parrella"],"amp_validity":null,"amp_enabled":true,"_links":{"self":[{"href":"https:\/\/staging.ivg.it\/ediapi\/wp\/v2\/posts\/472517","targetHints":{"allow":["GET"]}}],"collection":[{"href":"https:\/\/staging.ivg.it\/ediapi\/wp\/v2\/posts"}],"about":[{"href":"https:\/\/staging.ivg.it\/ediapi\/wp\/v2\/types\/post"}],"author":[{"embeddable":true,"href":"https:\/\/staging.ivg.it\/ediapi\/wp\/v2\/users\/12120"}],"replies":[{"embeddable":true,"href":"https:\/\/staging.ivg.it\/ediapi\/wp\/v2\/comments?post=472517"}],"version-history":[{"count":0,"href":"https:\/\/staging.ivg.it\/ediapi\/wp\/v2\/posts\/472517\/revisions"}],"wp:attachment":[{"href":"https:\/\/staging.ivg.it\/ediapi\/wp\/v2\/media?parent=472517"}],"wp:term":[{"taxonomy":"category","embeddable":true,"href":"https:\/\/staging.ivg.it\/ediapi\/wp\/v2\/categories?post=472517"},{"taxonomy":"post_tag","embeddable":true,"href":"https:\/\/staging.ivg.it\/ediapi\/wp\/v2\/tags?post=472517"}],"curies":[{"name":"wp","href":"https:\/\/api.w.org\/{rel}","templated":true}]}}