{"id":472504,"date":"2019-07-17T16:37:34","date_gmt":"2019-07-17T14:37:34","guid":{"rendered":"http:\/\/www.ivg.it\/?p=472504"},"modified":"2019-07-17T16:38:21","modified_gmt":"2019-07-17T14:38:21","slug":"ancora-un-acquisto-per-la-difesa-del-ceriale-giacomo-prudente","status":"publish","type":"post","link":"https:\/\/staging.ivg.it\/2019\/07\/ancora-un-acquisto-per-la-difesa-del-ceriale-giacomo-prudente\/","title":{"rendered":"Ancora un acquisto per la difesa del Ceriale: Giacomo Prudente"},"content":{"rendered":"<p><strong>Ceriale.<\/strong> Il <strong>Ceriale Progetto Calcio<\/strong> comunica ufficialmente il ritorno in biancobl\u00f9 del <strong>difensore centrale Giacomo Prudente.<\/strong><\/p>\n<p><strong>Classe 1988, ingauno, nelle ultime cinque stagioni ha portato in alto i colori del Pontelungo,<\/strong> diventando un punto di riferimento in difesa ed un portabandiera della squadra con la quale ha ottenuto un passaggio di categoria nella stagione 2013\/14 e ha disputato il playoff nell&#8217;anno sportivo appena concluso.<\/p>\n<p>Un volto non nuovo al Merlo:<strong> Prudente infatti aveva gi\u00e0 vestito in passato la maglia del Ceriale crescendo nel locale settore giovanile, esordendo poi in prima squadra come giovane e disputando due anni in Promozione.<\/strong><\/p>\n<p>La lunga avventura con il Pontelungo e i risultati sempre ottimi di questa societ\u00e0, gli ha fatto maturare un\u2019esperienza ed una sicurezza tali che potr\u00e0 essere utile a mister Biolzi durante il campionato. Inoltre <strong>Prudente \u00e8 un atleta che potr\u00e0 ben integrarsi con il comparto difensivo gi\u00e0 presente<\/strong> apportando anche una sana ed utilissima dose di centimetri.<\/p>\n<p>\u201c<strong>Dopo tanti anni con i granata<\/strong> &#8211; dichiara &#8211; <strong>mi sono levato parecchie soddisfazioni e penso di aver dato tutto me stesso. Sentivo di aver bisogno di nuovi stimoli e di provare nuove esperienze<\/strong> pur consapevole che lasciare il gruppo non sarebbe stato facile. <strong>Ho deciso di accettare questa nuova sfida, di mettermi in gioco in un campionato di Promozione<\/strong> e di tornare a vestire questi colori\u201d.<\/p>\n<p>&#8220;La nostra societ\u00e0 \u00e8 lieta di riaccogliere Giacomo Prudente e gli augura il meglio in questa nuova avventura cerialese&#8221; scrive la dirigenza del Ceriale.<\/p>\n","protected":false},"excerpt":{"rendered":"<p>Numerose le voci nelle scorse settimane, ora dal Merlo arriva finalmente l\u2019ufficialit\u00e0 dell\u2019ingaggio<\/p>\n","protected":false},"author":18,"featured_media":0,"comment_status":"open","ping_status":"closed","sticky":false,"template":"","format":"standard","meta":{"footnotes":""},"categories":[45296,182,32],"tags":[85989,42445,570],"class_list":["post-472504","post","type-post","status-publish","format-standard","hentry","category-copertina","category-calcio","category-sport","tag-calcio","tag-ceriale-progetto-calcio","tag-promozione","post_cat_citta-ceriale","post_tag_personaggi-giacomo-prudente"],"amp_validity":null,"amp_enabled":true,"_links":{"self":[{"href":"https:\/\/staging.ivg.it\/ediapi\/wp\/v2\/posts\/472504","targetHints":{"allow":["GET"]}}],"collection":[{"href":"https:\/\/staging.ivg.it\/ediapi\/wp\/v2\/posts"}],"about":[{"href":"https:\/\/staging.ivg.it\/ediapi\/wp\/v2\/types\/post"}],"author":[{"embeddable":true,"href":"https:\/\/staging.ivg.it\/ediapi\/wp\/v2\/users\/18"}],"replies":[{"embeddable":true,"href":"https:\/\/staging.ivg.it\/ediapi\/wp\/v2\/comments?post=472504"}],"version-history":[{"count":0,"href":"https:\/\/staging.ivg.it\/ediapi\/wp\/v2\/posts\/472504\/revisions"}],"wp:attachment":[{"href":"https:\/\/staging.ivg.it\/ediapi\/wp\/v2\/media?parent=472504"}],"wp:term":[{"taxonomy":"category","embeddable":true,"href":"https:\/\/staging.ivg.it\/ediapi\/wp\/v2\/categories?post=472504"},{"taxonomy":"post_tag","embeddable":true,"href":"https:\/\/staging.ivg.it\/ediapi\/wp\/v2\/tags?post=472504"}],"curies":[{"name":"wp","href":"https:\/\/api.w.org\/{rel}","templated":true}]}}