{"id":471779,"date":"2019-07-10T11:35:01","date_gmt":"2019-07-10T09:35:01","guid":{"rendered":"http:\/\/www.ivg.it\/?p=471779"},"modified":"2019-07-10T11:35:59","modified_gmt":"2019-07-10T09:35:59","slug":"albenga-scelto-il-nuovo-allenatore-matteo-solari","status":"publish","type":"post","link":"https:\/\/staging.ivg.it\/2019\/07\/albenga-scelto-il-nuovo-allenatore-matteo-solari\/","title":{"rendered":"Albenga, scelto il nuovo allenatore: Matteo Solari"},"content":{"rendered":"<p><strong>Albenga.<\/strong> Lo scorso 19 giugno<strong> la Cairese ne aveva annunciato la riconferma<\/strong> per la prossima stagione in Eccellenza.<\/p>\n<p>A quanto pare, per\u00f2<strong>, l&#8217;ingresso di Gianpiero Colla nella dirigenza dell&#8217;Albenga Calcio<\/strong> sta dando il via ad una serie di offerte irrinunciabili. La prima riguarda il ruolo di<strong> tecnico<\/strong> ed \u00e8 stata accettata da <strong>Matteo Solari<\/strong>, che quindi guider\u00e0 i bianconeri nel prossimo massimo campionato regionale.<\/p>\n<p><strong>Solari,<\/strong> che compir\u00e0 42 anni il 27 agosto, aveva dato l&#8217;addio al calcio giocato nell&#8217;estate 2015. Centrocampista centrale di ruolo, cresciuto nelle giovanili della Sampdoria, ha militato in Serie A, C1 e C2 con le maglie di Modena, Ascoli, Savona e Cuneo. Ha chiuso la carriera nella Cairese, protagonista tra l\u2019altro dell\u2019ultima promozione al campionato di Eccellenza nella stagione 2008\/2009.<\/p>\n<p>Dal 2013 al 2016 \u00e8 stato responsabile tecnico settore giovanile della Cairese e nel 2016\/17 ha allenato gli Allievi. <strong>Nell&#8217;estate 2017 \u00e8 stato scelto dalla Cairese per guidare la prima squadra.<\/strong> Lo ha fatto con due stagioni dai grandi risultati: <strong>vittoria del campionato di Promozione e terza posizione in Eccellenza.<\/strong><\/p>\n<p><strong>Da oggi allener\u00e0 l&#8217;Albenga, societ\u00e0 che presto inizier\u00e0 ad annunciare l&#8217;arrivo di giocatori per un campionato che sar\u00e0 sicuramente ai vertici.<\/strong><\/p>\n","protected":false},"excerpt":{"rendered":"<p>La rinnovata dirigenza strappa il tecnico alla Cairese, mostrando di voler puntare in alto<\/p>\n","protected":false},"author":18,"featured_media":0,"comment_status":"open","ping_status":"closed","sticky":false,"template":"","format":"standard","meta":{"footnotes":""},"categories":[45296,182,32],"tags":[],"class_list":["post-471779","post","type-post","status-publish","format-standard","hentry","category-copertina","category-calcio","category-sport","post_cat_citta-albenga","post_cat_citta-cairo-montenotte"],"amp_validity":null,"amp_enabled":true,"_links":{"self":[{"href":"https:\/\/staging.ivg.it\/ediapi\/wp\/v2\/posts\/471779","targetHints":{"allow":["GET"]}}],"collection":[{"href":"https:\/\/staging.ivg.it\/ediapi\/wp\/v2\/posts"}],"about":[{"href":"https:\/\/staging.ivg.it\/ediapi\/wp\/v2\/types\/post"}],"author":[{"embeddable":true,"href":"https:\/\/staging.ivg.it\/ediapi\/wp\/v2\/users\/18"}],"replies":[{"embeddable":true,"href":"https:\/\/staging.ivg.it\/ediapi\/wp\/v2\/comments?post=471779"}],"version-history":[{"count":0,"href":"https:\/\/staging.ivg.it\/ediapi\/wp\/v2\/posts\/471779\/revisions"}],"wp:attachment":[{"href":"https:\/\/staging.ivg.it\/ediapi\/wp\/v2\/media?parent=471779"}],"wp:term":[{"taxonomy":"category","embeddable":true,"href":"https:\/\/staging.ivg.it\/ediapi\/wp\/v2\/categories?post=471779"},{"taxonomy":"post_tag","embeddable":true,"href":"https:\/\/staging.ivg.it\/ediapi\/wp\/v2\/tags?post=471779"}],"curies":[{"name":"wp","href":"https:\/\/api.w.org\/{rel}","templated":true}]}}