{"id":471773,"date":"2019-07-10T11:08:07","date_gmt":"2019-07-10T09:08:07","guid":{"rendered":"http:\/\/www.ivg.it\/?p=471773"},"modified":"2019-07-10T11:14:22","modified_gmt":"2019-07-10T09:14:22","slug":"cannabis-terapeutica-nuovo-appello-allassessore-viale-carenza-di-farmaci-e-gravi-disagi-per-molti-pazienti","status":"publish","type":"post","link":"https:\/\/staging.ivg.it\/2019\/07\/cannabis-terapeutica-nuovo-appello-allassessore-viale-carenza-di-farmaci-e-gravi-disagi-per-molti-pazienti\/","title":{"rendered":"Cannabis terapeutica, nuovo appello all&#8217;assessore Viale: &#8220;Carenza di farmaci e gravi disagi per molti pazienti&#8221;"},"content":{"rendered":"<p><strong>Liguria.<\/strong> Cannabis terapeutica, torna il problema di approvigionamento in Liguria e l&#8217;associazione InFioreScienza, composta da medici terapisti e farmacisti, lancia un nuovo appello alla Regione Liguria: in questi giorni si \u00e8 verificata, infatti, una nuova carenza di cannabis terapeutica a uso medico, con forti disagi per i pazienti. <\/p>\n<p>L&#8217;associazione ha sollecitato l&#8217;assessore Viale e il commissario straordinario di A.li.sa Locatelli sul problema: &#8220;La Liguria rientra fra le regioni in cui queste terapie sono molto diffuse e si sono conseguiti risultati clinici particolarmente positivi. Eppure, continuiamo a ricevere reclami di pazienti cui \u00e8 negata la continuit\u00e0 terapeutica perch\u00e9 mancano i preparati. Tanti malati costretti a spostarsi all&#8217;interno della regione, perch\u00e9 il servizio non \u00e8 omogeneo e, anzi, molte strutture sanitarie neppure lo erogano \u2013 dichiara Valentina Zuppardo, presidente di InFioreScienza -. Situazione aggravata dal fatto che in ASL3 Genovese, quella che raccoglie il bacino di popolazione pi\u00f9 ampio, solo pochissime strutture sono in grado di provvedere a tali prestazioni; in particolare alle terapie basate sull&#8217;olio di cannabis, la forma ormai riconosciuta pi\u00f9 efficace&#8221;.<\/p>\n<p>&#8220;Per ben due volte, nell&#8217;ultimo anno, abbiamo manifestato le nostre istanze in commissione regionale sanit\u00e0. Abbiamo ricevuto molte rassicurazioni, ma di fatto siamo ben lontani dalla &#8220;veloce risoluzione delle criticit\u00e0&#8221; che ci era stata prospettata \u2013 spiega Zuppardo -. Al contrario, oggi continuiamo a registrare situazioni drammatiche. Come le scorte ormai esaurite in ASL2, l&#8217;azienda sanitaria che segue la maggior parte dei pazienti liguri, anche a causa delle migrazioni da ASL3 che aggravano pesantemente la vita quotidiana dei malati e delle loro famiglie&#8221;.<\/p>\n<p>Lo scorso 1 luglio, InFioreScienza ha inviato una nuova lettera di appello all&#8217;assessore Viale e al commissario Locatelli, per chiedere la rapida soluzione della crisi. &#8220;Visti i ripetuti periodi di carenza della sostanza terapeutica, chiediamo sia avviato immediatamente il percorso per la stipula di convenzione con le farmacie domiciliari per la fornitura di preparati in carico al SSR, come avviene in Lombardia e in altre regioni \u2013 evidenzia Zuppardo -. Anche perch\u00e9, lo scorso anno, Regione Liguria ha investito proprio nella formazione dei farmacisti, per intervenire su questo frangente. Ad oggi, per\u00f2, non abbiamo ottenuto alcun riscontro n\u00e9 dalla giunta n\u00e9 da A.li.sa. Siamo quindi costretti a denunciare nuovamente il problema, sottolineando la grave mancanza di attenzione verso persone fragili, che hanno diritto, e bisogno, di essere curate con equit\u00e0; come previsto dalla Costituzione&#8221;.<\/p>\n","protected":false},"excerpt":{"rendered":"<p>L&#8217;associazione InFioreScienza: &#8220;Sbloccare le convenzioni con le farmacie&#8221;<\/p>\n","protected":false},"author":4,"featured_media":0,"comment_status":"open","ping_status":"closed","sticky":false,"template":"","format":"standard","meta":{"footnotes":""},"categories":[45296,56],"tags":[292,90702,1591,108448,295],"class_list":["post-471773","post","type-post","status-publish","format-standard","hentry","category-copertina","category-altre","tag-asl-2","tag-cannabis-terapeutica","tag-farmacie","tag-infiorescienza","tag-regione"],"amp_validity":null,"amp_enabled":true,"_links":{"self":[{"href":"https:\/\/staging.ivg.it\/ediapi\/wp\/v2\/posts\/471773","targetHints":{"allow":["GET"]}}],"collection":[{"href":"https:\/\/staging.ivg.it\/ediapi\/wp\/v2\/posts"}],"about":[{"href":"https:\/\/staging.ivg.it\/ediapi\/wp\/v2\/types\/post"}],"author":[{"embeddable":true,"href":"https:\/\/staging.ivg.it\/ediapi\/wp\/v2\/users\/4"}],"replies":[{"embeddable":true,"href":"https:\/\/staging.ivg.it\/ediapi\/wp\/v2\/comments?post=471773"}],"version-history":[{"count":0,"href":"https:\/\/staging.ivg.it\/ediapi\/wp\/v2\/posts\/471773\/revisions"}],"wp:attachment":[{"href":"https:\/\/staging.ivg.it\/ediapi\/wp\/v2\/media?parent=471773"}],"wp:term":[{"taxonomy":"category","embeddable":true,"href":"https:\/\/staging.ivg.it\/ediapi\/wp\/v2\/categories?post=471773"},{"taxonomy":"post_tag","embeddable":true,"href":"https:\/\/staging.ivg.it\/ediapi\/wp\/v2\/tags?post=471773"}],"curies":[{"name":"wp","href":"https:\/\/api.w.org\/{rel}","templated":true}]}}