{"id":471771,"date":"2019-07-10T10:58:36","date_gmt":"2019-07-10T08:58:36","guid":{"rendered":"http:\/\/www.ivg.it\/?p=471771"},"modified":"2019-07-10T10:58:36","modified_gmt":"2019-07-10T08:58:36","slug":"rifiuti-un-lettore-spezza-una-lancia-a-favore-di-ata-e-comune","status":"publish","type":"post","link":"https:\/\/staging.ivg.it\/2019\/07\/rifiuti-un-lettore-spezza-una-lancia-a-favore-di-ata-e-comune\/","title":{"rendered":"Rifiuti, un lettore &#8220;spezza una lancia a favore di Ata e Comune&#8221;"},"content":{"rendered":"<p>A proposito di pulizia degli spazi pubblici, e questa volta spezzando una lancia a favore sia di Ata che del Comune. Pi\u00f9 di 60 anni fa, studente dello scientifico, ero in Olanda con i miei fumai una sigaretta e gettai la cicca per terra. Non l&#8217;avessi mai fatto, un signore olandese inchiod\u00f2 la bicicletta e in un italiano stentato mi invit\u00f2 a guardarmi intorno. Le loro belle casette colorate, finestre senza persiane ne inferriate, vialetti puliti.<\/p>\n<p>Ecco, mi disse, noi olandesi amiamo considerare gli spazi pubblici come prosecuzione delle nostre case. Sentiamo il dovere di tenerli, prima di tutto noi, puliti e decorosi, come la nostra abitazioni. Mi invit\u00f2 a raccogliere la cicca e deporla nell&#8217;apposito contenitore.<\/p>\n<p>Da allora sono pi\u00f9 di 60 anni che ogni volta che apro la porta di casa trovo, immancabilmente, marciapiedi e strade coperte di cicche, chewingum, cartacce, escrementi e chi pi\u00f9 ne ha pi\u00f9 ne metta. Questo per dire che se la citt\u00e0 \u00e8 sporca, la colpa non \u00e8 n\u00e9 di Ata n\u00e9 del Comune ma di savonesi e non, residenti in citt\u00e0, che uscendo dai loro lindi alloggi, considerano gli spazi pubblici come le loro personali pattumiere.<\/p>\n<p style=\"text-align: right;\"><strong>Arch. Anton M.Rosso<\/strong><\/p>\n","protected":false},"excerpt":{"rendered":"<p>&#8220;Se la citt\u00e0 \u00e8 sporca la colpa \u00e8 di savonesi e non, residenti in citt\u00e0, che uscendo dai loro lindi alloggi, considerano gli spazi pubblici come le loro personali pattumiere&#8221;<\/p>\n","protected":false},"author":2394,"featured_media":0,"comment_status":"open","ping_status":"closed","sticky":false,"template":"","format":"standard","meta":{"footnotes":""},"categories":[120],"tags":[498],"class_list":["post-471771","post","type-post","status-publish","format-standard","hentry","category-lettere","tag-rifiuti","post_cat_citta-savona"],"amp_validity":null,"amp_enabled":true,"_links":{"self":[{"href":"https:\/\/staging.ivg.it\/ediapi\/wp\/v2\/posts\/471771","targetHints":{"allow":["GET"]}}],"collection":[{"href":"https:\/\/staging.ivg.it\/ediapi\/wp\/v2\/posts"}],"about":[{"href":"https:\/\/staging.ivg.it\/ediapi\/wp\/v2\/types\/post"}],"author":[{"embeddable":true,"href":"https:\/\/staging.ivg.it\/ediapi\/wp\/v2\/users\/2394"}],"replies":[{"embeddable":true,"href":"https:\/\/staging.ivg.it\/ediapi\/wp\/v2\/comments?post=471771"}],"version-history":[{"count":0,"href":"https:\/\/staging.ivg.it\/ediapi\/wp\/v2\/posts\/471771\/revisions"}],"wp:attachment":[{"href":"https:\/\/staging.ivg.it\/ediapi\/wp\/v2\/media?parent=471771"}],"wp:term":[{"taxonomy":"category","embeddable":true,"href":"https:\/\/staging.ivg.it\/ediapi\/wp\/v2\/categories?post=471771"},{"taxonomy":"post_tag","embeddable":true,"href":"https:\/\/staging.ivg.it\/ediapi\/wp\/v2\/tags?post=471771"}],"curies":[{"name":"wp","href":"https:\/\/api.w.org\/{rel}","templated":true}]}}