{"id":47167,"date":"2009-01-17T15:17:15","date_gmt":"2009-01-17T14:17:15","guid":{"rendered":"http:\/\/www.ivg.it\/2009\/01\/17\/nuova-asl-2-provinciale-bilancio-negativo-per-la-uil-fpl\/"},"modified":"2009-01-18T23:44:46","modified_gmt":"2009-01-18T22:44:46","slug":"nuova-asl-2-provinciale-bilancio-negativo-per-la-uil-fpl","status":"publish","type":"post","link":"https:\/\/staging.ivg.it\/2009\/01\/nuova-asl-2-provinciale-bilancio-negativo-per-la-uil-fpl\/","title":{"rendered":"Nuova Asl 2 provinciale: bilancio negativo per la Uil-Fpl"},"content":{"rendered":"<p><strong>[thumb:2156:l]Pietra Ligure.<\/strong> Ad oltre sei mesi dalla creazione di un&#8217;unica Asl provinciale con la deaziendalizzazione dell&#8217;ospedale Santa Corona di Pietra ligure la Uil-Fpl traccia un bilancio negativo sull&#8217;attuale processo di riassetto della sanit\u00e0 savonese. &#8220;Certamente non si \u00e8 realizzato quel risparmio economico annunciato dal Presidente Burlando, anzi il processo di riorganizzazione della rete ospedaliera prevede, almeno nella prima fase, un ulteriore aumento della spese&#8221;, afferma il segretario provinciale della Uil-Fpl Silvio Valdiserra.<\/p>\n<p>&#8220;L&#8217;attivazione dell&#8217;automedica del 118 nel finalese non \u00e8 avvenuta nei tempi previsti e non corrisponde al vero che le cause sono dovute alle lungaggini delle procedure &#8211; aggiunge Valdiserra &#8211; senza contare che non \u00e8 arrivato il via libera regionale per l&#8217;assunzione degli infermieri che andranno in sostituzione degli infermieri trasferiti al servizio del 118. Infermieri, Tecnici Sanitari, Dirigenti Medici e addetti ai servizi dell&#8217;ospedale Santa Corona vivono e sentono una situazione di malessere. I rifornimenti di farmaci, di attrezzature e di altro materiale arrivano in ritardo e talora si \u00e8 costretti anche a rinviare interventi operatori&#8221;.<\/p>\n<p>Critiche sono espresse dal sindacato anche sul fronte del personale e delle assunzioni: &#8220;Il piano assunzioni del II\u00b0 semestre 2008 con le relative richieste di assunzioni \u00e8 stato inviato alla Regione Liguria, ma alla scadenza, il 31\/12\/2008, era stato soddisfatto in minima parte. Per le sostituzioni del personale l&#8217;Asl 2 ha inviato una richiesta di 147 operatori (prevalentemente Medici, Infermieri, Tecnici Sanitari e OSS) e nel mese di Novembre le autorizzazioni concesse dalla Regione Liguria erano solo per 27 unit\u00e0. Dopo di allora, a seguito di pressioni formulate dal sindacato, la Regione Liguria sta autorizzando l&#8217;Asl 2 per altre assunzioni, in misura comunque inferiore alla quantit\u00e0 richiesta per il secondo semestre 2008, anche se le cessazioni non programmate ci sono gi\u00e0 state e cos\u00ec pure i pensionamenti del 1 gennaio 2009&#8221;.<\/p>\n<p>Secondo la Uil-Fpl, a soffrire di pi\u00f9 del mancato piano assunzioni \u00e8 proprio l&#8217;ospedale Santa Corona di Pietra Ligure: &#8220;mancano circa 45\/50 infermieri rispetto alle necessit\u00e0 effettive. I turni di lavoro sono massacranti, il rispetto del giorno di riposo \u00e8 inesistente e le prestazioni lavorative extra (straordinario e prestazioni aggiuntive) hanno superato i limiti consentiti dalla legge. Non sono rari i casi di lavoratori che superano le 48 ore settimanali o arrivano ad effettuare sino a 5 prestazioni aggiuntive il mese&#8221;.<\/p>\n<p>&#8220;Chiediamo alla Regione di riesaminare la situazione organizzativa attuale della sanit\u00e0 savonese, anche attraverso una revisione di quanto stabilito con la riorganizzazione della rete ospedaliera&#8221;, conclude Valdiserra.<\/p>\n","protected":false},"excerpt":{"rendered":"<p>[thumb:2156:l]Pietra Ligure. Ad oltre sei mesi dalla creazione di un&#8217;unica Asl provinciale con la deaziendalizzazione dell&#8217;ospedale Santa Corona di Pietra ligure la Uil-Fpl traccia un bilancio negativo sull&#8217;attuale processo di riassetto della sanit\u00e0 savonese. &#8220;Certamente non si \u00e8 realizzato quel risparmio economico annunciato dal Presidente Burlando, anzi il processo di riorganizzazione della rete ospedaliera prevede, [&hellip;]<\/p>\n","protected":false},"author":4,"featured_media":0,"comment_status":"open","ping_status":"closed","sticky":false,"template":"","format":"standard","meta":{"footnotes":""},"categories":[],"tags":[292,85830,302,2133,2132],"class_list":["post-47167","post","type-post","status-publish","format-standard","hentry","tag-asl-2","tag-pietra-ligure","tag-santa-corona","tag-silvio-valdiserra","tag-uil-fpl","post_cat_citta-albenga","post_cat_citta-andora","post_cat_citta-cairo-montenotte","post_cat_citta-pietra-ligure","post_cat_citta-savona"],"amp_validity":null,"amp_enabled":true,"_links":{"self":[{"href":"https:\/\/staging.ivg.it\/ediapi\/wp\/v2\/posts\/47167","targetHints":{"allow":["GET"]}}],"collection":[{"href":"https:\/\/staging.ivg.it\/ediapi\/wp\/v2\/posts"}],"about":[{"href":"https:\/\/staging.ivg.it\/ediapi\/wp\/v2\/types\/post"}],"author":[{"embeddable":true,"href":"https:\/\/staging.ivg.it\/ediapi\/wp\/v2\/users\/4"}],"replies":[{"embeddable":true,"href":"https:\/\/staging.ivg.it\/ediapi\/wp\/v2\/comments?post=47167"}],"version-history":[{"count":0,"href":"https:\/\/staging.ivg.it\/ediapi\/wp\/v2\/posts\/47167\/revisions"}],"wp:attachment":[{"href":"https:\/\/staging.ivg.it\/ediapi\/wp\/v2\/media?parent=47167"}],"wp:term":[{"taxonomy":"category","embeddable":true,"href":"https:\/\/staging.ivg.it\/ediapi\/wp\/v2\/categories?post=47167"},{"taxonomy":"post_tag","embeddable":true,"href":"https:\/\/staging.ivg.it\/ediapi\/wp\/v2\/tags?post=47167"}],"curies":[{"name":"wp","href":"https:\/\/api.w.org\/{rel}","templated":true}]}}