{"id":471639,"date":"2019-07-09T08:39:03","date_gmt":"2019-07-09T06:39:03","guid":{"rendered":"http:\/\/www.ivg.it\/?p=471639"},"modified":"2019-07-09T08:39:03","modified_gmt":"2019-07-09T06:39:03","slug":"gestione-cimiteri-cairo-il-tar-accoglie-il-ricorso-del-miglio-verde-minoranze-critiche-con-lambertini","status":"publish","type":"post","link":"https:\/\/staging.ivg.it\/2019\/07\/gestione-cimiteri-cairo-il-tar-accoglie-il-ricorso-del-miglio-verde-minoranze-critiche-con-lambertini\/","title":{"rendered":"Gestione cimiteri Cairo, il Tar accoglie il ricorso del Miglio Verde. Minoranze critiche con Lambertini"},"content":{"rendered":"<p><strong>Cairo Montenotte.<\/strong> Il Tribunale amministrativo regionale della Liguria ha annullato la gara per la gestione esterna dei cimiteri di Cairo, accogliendo il ricorso presentato dalla cooperativa Il Miglio Verde (seconda classificata) contro l&#8217;assegnazione alla LS cooperativa sociale di Sanremo<\/p>\n<p>Il Tar ha infatti ritenuto inconciliabile l&#8217;offerta tecnica della coop vincitrice con i costi del lavoro: in parole povere, il personale richiesto per garantire il servizio avrebbe avuto costi superiori all&#8217;utile atteso, particolare che rende &#8220;incongrua&#8221; e quindi inaccettabile l&#8217;offerta.<\/p>\n<p>E ora i consiglieri comunali di minoranza Giorgia Ferrari, Matteo Pennino e Alberto Poggio puntano il dito contro la giunta Lambertini: &#8220;La decisione di far gestire esternamente i servizi comunali, come temevamo, inizia a costare un bel p\u00f2 di soldi a noi cittadini a fronte di servizi a volte scadenti. Oltre ad avere pagato l&#8217;avvocato del Comune, bisogner\u00e0 sborsare pi\u00f9 di 4 mila euro di spese legali della cooperativa Il Miglio Verde che ha vinto al Tar e subentrer\u00e0 nella gestione dei cimiteri cairesi alla cooperativa LS di Sanremo. Nonostante ci\u00f2 &#8211; concludono &#8211; la giunta del sindaco Paolo Lambertini ora ha anche esternalizzato la biblioteca&#8230;&#8221;.<\/p>\n","protected":false},"excerpt":{"rendered":"<p>&#8220;La decisione di far gestire esternamente i servizi comunali inizia a costare un bel po&#8217; di soldi ai cittadini&#8221;<\/p>\n","protected":false},"author":10593,"featured_media":0,"comment_status":"open","ping_status":"closed","sticky":false,"template":"","format":"standard","meta":{"footnotes":""},"categories":[45296,34,31],"tags":[8554],"class_list":["post-471639","post","type-post","status-publish","format-standard","hentry","category-copertina","category-cronaca","category-politica","tag-miglio-verde","post_cat_citta-cairo-montenotte","post_cat_citta-valbormida"],"amp_validity":null,"amp_enabled":true,"_links":{"self":[{"href":"https:\/\/staging.ivg.it\/ediapi\/wp\/v2\/posts\/471639","targetHints":{"allow":["GET"]}}],"collection":[{"href":"https:\/\/staging.ivg.it\/ediapi\/wp\/v2\/posts"}],"about":[{"href":"https:\/\/staging.ivg.it\/ediapi\/wp\/v2\/types\/post"}],"author":[{"embeddable":true,"href":"https:\/\/staging.ivg.it\/ediapi\/wp\/v2\/users\/10593"}],"replies":[{"embeddable":true,"href":"https:\/\/staging.ivg.it\/ediapi\/wp\/v2\/comments?post=471639"}],"version-history":[{"count":0,"href":"https:\/\/staging.ivg.it\/ediapi\/wp\/v2\/posts\/471639\/revisions"}],"wp:attachment":[{"href":"https:\/\/staging.ivg.it\/ediapi\/wp\/v2\/media?parent=471639"}],"wp:term":[{"taxonomy":"category","embeddable":true,"href":"https:\/\/staging.ivg.it\/ediapi\/wp\/v2\/categories?post=471639"},{"taxonomy":"post_tag","embeddable":true,"href":"https:\/\/staging.ivg.it\/ediapi\/wp\/v2\/tags?post=471639"}],"curies":[{"name":"wp","href":"https:\/\/api.w.org\/{rel}","templated":true}]}}