{"id":471638,"date":"2019-07-09T07:49:40","date_gmt":"2019-07-09T05:49:40","guid":{"rendered":"http:\/\/www.ivg.it\/?p=471638"},"modified":"2019-07-09T07:49:40","modified_gmt":"2019-07-09T05:49:40","slug":"meteo-dopo-le-nuvole-arrivano-i-temporali-estivi-mercoledi-torna-il-sereno","status":"publish","type":"post","link":"https:\/\/staging.ivg.it\/2019\/07\/meteo-dopo-le-nuvole-arrivano-i-temporali-estivi-mercoledi-torna-il-sereno\/","title":{"rendered":"Meteo: dopo le nuvole arrivano i temporali estivi, mercoled\u00ec torna il sereno"},"content":{"rendered":"<p><strong>Liguria. <\/strong>Si rinnovano e si intensificano ulteriormente i contrasti sul Nord Italia a causa delle pi\u00f9 convinte infiltrazioni di aria relativamente fresca atlantica. L&#8217;instabilit\u00e0 coinvolger\u00e0 marginalmente anche la nostra regione.<\/p>\n<p>Tra la notte ed il mattino possibili primi episodi di instabilit\u00e0 che dal Ligure tenderanno a svilupparsi lungo la costa imperiese e del levante; pausa temporanea dei fenomeni in giornata; si potrebbero avere anche parziali aperture; tra il pomeriggio e la serata la parte pi\u00f9 attiva della linea temporalesca dalla Pianura Padana tender\u00e0 a sconfinare sul settore centrale, coinvolte direttamente le vallate interne del Genovesato, e successivamente scorrer\u00e0 a levante.<\/p>\n<p>Colpi di vento nelle situazioni temporalesche, non si escludono specie nelle zone interne precipitazioni accompagnate da grandine.<\/p>\n<p>Venti: ciclonico moderato\/teso sul Golfo, rinforzi da sud-ovest verso La Corsica e da sud-est tra Tigullio e Golfo di Genova al passaggio dell&#8217;instabilit\u00e0. Tra il pomeriggio \/sera rotazione a nord, moderato; possibili colpi di vento come da avviso. Mari: generalmente mosso, localmente molto mosso a levante in serata.<\/p>\n<p>Temperature: in calo di un paio di punti le massime, umidit\u00e0 che rimane di valori medio-alti.<br \/>\nCosta min: 23\/25\u00b0C, max: 26\/28\u00b0C<br \/>\nInterno min: 14\/21\u00b0C, max: 20\/27\u00b0C<\/p>\n","protected":false},"excerpt":{"rendered":"<p>La perturbazione trova il suo acuto dopo una mattinata incerta<\/p>\n","protected":false},"author":10593,"featured_media":0,"comment_status":"open","ping_status":"closed","sticky":false,"template":"","format":"standard","meta":{"footnotes":""},"categories":[45296,34],"tags":[42023,652],"class_list":["post-471638","post","type-post","status-publish","format-standard","hentry","category-copertina","category-cronaca","tag-limet","tag-meteo"],"amp_validity":null,"amp_enabled":true,"_links":{"self":[{"href":"https:\/\/staging.ivg.it\/ediapi\/wp\/v2\/posts\/471638","targetHints":{"allow":["GET"]}}],"collection":[{"href":"https:\/\/staging.ivg.it\/ediapi\/wp\/v2\/posts"}],"about":[{"href":"https:\/\/staging.ivg.it\/ediapi\/wp\/v2\/types\/post"}],"author":[{"embeddable":true,"href":"https:\/\/staging.ivg.it\/ediapi\/wp\/v2\/users\/10593"}],"replies":[{"embeddable":true,"href":"https:\/\/staging.ivg.it\/ediapi\/wp\/v2\/comments?post=471638"}],"version-history":[{"count":0,"href":"https:\/\/staging.ivg.it\/ediapi\/wp\/v2\/posts\/471638\/revisions"}],"wp:attachment":[{"href":"https:\/\/staging.ivg.it\/ediapi\/wp\/v2\/media?parent=471638"}],"wp:term":[{"taxonomy":"category","embeddable":true,"href":"https:\/\/staging.ivg.it\/ediapi\/wp\/v2\/categories?post=471638"},{"taxonomy":"post_tag","embeddable":true,"href":"https:\/\/staging.ivg.it\/ediapi\/wp\/v2\/tags?post=471638"}],"curies":[{"name":"wp","href":"https:\/\/api.w.org\/{rel}","templated":true}]}}