{"id":471624,"date":"2019-07-08T19:02:40","date_gmt":"2019-07-08T17:02:40","guid":{"rendered":"http:\/\/www.ivg.it\/?p=471624"},"modified":"2019-07-08T19:02:40","modified_gmt":"2019-07-08T17:02:40","slug":"borghetto-le-minoranze-lamministrazione-si-fa-pubblicita-coi-piccoli-interventi-ma-e-senza-visione-per-il-futuro","status":"publish","type":"post","link":"https:\/\/staging.ivg.it\/2019\/07\/borghetto-le-minoranze-lamministrazione-si-fa-pubblicita-coi-piccoli-interventi-ma-e-senza-visione-per-il-futuro\/","title":{"rendered":"Borghetto, le minoranze: &#8220;L&#8217;amministrazione si fa pubblicit\u00e0 coi piccoli interventi, ma \u00e8 senza visione per il futuro&#8221;"},"content":{"rendered":"<p><strong>Borghetto Santo Spirito<\/strong>. \u201cAncora una volta questa amministrazione si dimostra tanto brava a farsi pubblicit\u00e0 con piccoli interventi che sul momento fanno fare bella figura ma non lasciano tracce sensibili, quanto priva di una visione di lungo periodo per il nostro paese\u201d. E&#8217; questo l&#8217;attacco sferrato dai consiglieri di minoranza Giancarlo Maritano e Maria Grazia Oliva (lista civica \u201cIn Cammino\u201d) e Pier Paolo Villa e Daniela Guzzardi (lista civica \u201cLiberiamo Borghetto\u201d) nei confronti del sindaco della cittadina rivierasca Giancarlo Canepa.<\/p>\n<p>\u201cAbbiamo appreso con stupore del mancato rinnovo della convenzione tra il Comune e la parrocchia di San Matteo che garantiva l&#8217;utilizzo del campo Miino di via Olimpia da parte del settore giovanile dell&#8217;Fcd Borghetto, in particolare dei ragazzi fino agli 11 anni di et\u00e0, che in questo campo si sono allenati quasi ininterrottamente negli ultimi 50 anni circa. Dispiace che non si sia trovato un accordo e che in particolar modo il Comune abbia ritenuto eccessiva la spesa di 3 mila euro annui, quando vediamo che vengono investite cifre decisamente pi\u00f9 consistenti per obiettivi che sicuramente hanno meno impatto sul tessuto sociale del nostro paese\u201d.<\/p>\n<p>\u201cIl settore giovanile del Borghetto, con i suoi oltre 150 iscritti, \u00e8 infatti una realt\u00e0 di enorme importanza, la cui utilit\u00e0 soprattutto ai fini dell&#8217;aggregazione sociale \u00e8 riconosciuta da tutti. \u00c8 vero che l&#8217;attivit\u00e0 del settore giovanile continuer\u00e0 utilizzando altri campi di allenamento, ma questi saranno inevitabilmente pi\u00f9 lontani e pi\u00f9 difficilmente raggiungibili dal centro abitato: siamo sicuri che qualche genitore non possa pensare di rinunciare a far allenare il figlio, se deve ogni volta accompagnarlo e andarlo a prendere al campo Oliva o ancora pi\u00f9 lontano? Gi\u00e0 in precedenza la convenzione non era stata rinnovata a causa delle difficolt\u00e0 economiche del Comune, ma dopo un solo anno l&#8217;amministrazione dell&#8217;epoca si era ricreduta e l&#8217;aveva rinnovata, comprendendo la notevole utilit\u00e0 sociale dell&#8217;operazione a fronte di una spesa davvero modesta per l&#8217;Ente\u201d.<\/p>\n<p>\u201cSe si vuol far tornare Borghetto una comunit\u00e0, non ha senso azzerare gli investimenti su una realt\u00e0 che quel senso di comunit\u00e0 inizia a renderlo concreto sin dagli anni dell&#8217;infanzia e dell&#8217;adolescenza. Soprattutto quando gli investimenti richiesti sarebbero davvero esigui\u201d, concludono i due gruppi di minoranza.<\/p>\n","protected":false},"excerpt":{"rendered":"<p>Al centro la convenzione tra il Comune e la parrocchia di San Matteo che garantiva l&#8217;utilizzo del campo Miino di via Olimpia da parte del settore giovanile dell&#8217;Fcd Borghetto<\/p>\n","protected":false},"author":12120,"featured_media":0,"comment_status":"open","ping_status":"closed","sticky":false,"template":"","format":"standard","meta":{"footnotes":""},"categories":[45296,31],"tags":[89950,94448,94449],"class_list":["post-471624","post","type-post","status-publish","format-standard","hentry","category-copertina","category-politica","tag-comune-di-borghetto-santo-spirito","tag-in-cammino","tag-liberiamo-borghetto","post_cat_citta-borghetto-santo-spirito","post_tag_personaggi-daniela-guzzardi","post_tag_personaggi-giancarlo-canepa","post_tag_personaggi-giancarlo-maritano","post_tag_personaggi-maria-grazia-oliva","post_tag_personaggi-pier-paolo-villa"],"amp_validity":null,"amp_enabled":true,"_links":{"self":[{"href":"https:\/\/staging.ivg.it\/ediapi\/wp\/v2\/posts\/471624","targetHints":{"allow":["GET"]}}],"collection":[{"href":"https:\/\/staging.ivg.it\/ediapi\/wp\/v2\/posts"}],"about":[{"href":"https:\/\/staging.ivg.it\/ediapi\/wp\/v2\/types\/post"}],"author":[{"embeddable":true,"href":"https:\/\/staging.ivg.it\/ediapi\/wp\/v2\/users\/12120"}],"replies":[{"embeddable":true,"href":"https:\/\/staging.ivg.it\/ediapi\/wp\/v2\/comments?post=471624"}],"version-history":[{"count":0,"href":"https:\/\/staging.ivg.it\/ediapi\/wp\/v2\/posts\/471624\/revisions"}],"wp:attachment":[{"href":"https:\/\/staging.ivg.it\/ediapi\/wp\/v2\/media?parent=471624"}],"wp:term":[{"taxonomy":"category","embeddable":true,"href":"https:\/\/staging.ivg.it\/ediapi\/wp\/v2\/categories?post=471624"},{"taxonomy":"post_tag","embeddable":true,"href":"https:\/\/staging.ivg.it\/ediapi\/wp\/v2\/tags?post=471624"}],"curies":[{"name":"wp","href":"https:\/\/api.w.org\/{rel}","templated":true}]}}