{"id":47144,"date":"2009-01-17T10:57:01","date_gmt":"2009-01-17T09:57:01","guid":{"rendered":"http:\/\/www.ivg.it\/?p=47144"},"modified":"2009-01-18T19:35:21","modified_gmt":"2009-01-18T18:35:21","slug":"scuola-di-politica-apre-lex-senatore-russo-spena","status":"publish","type":"post","link":"https:\/\/staging.ivg.it\/2009\/01\/scuola-di-politica-apre-lex-senatore-russo-spena\/","title":{"rendered":"&#8220;Scuola di politica&#8221;: apre l&#8217;ex senatore Russo Spena"},"content":{"rendered":"<p><strong>[thumb:10252:l]Savona<\/strong>. Torna per il terzo anno la &#8220;Scuola di politica&#8221; organizzata da Rifondazione Comunista. Nel primo anno il percorso formativo cercava di definire alcuni concetti fondamentali di filosofia politica e scienza della politica, nel secondo anno l&#8217;attenzione si \u00e8 spostata su temi di attualit\u00e0 letti dal versante storico. &#8220;Per il 2009 cercheremo, invece, di dare alla sinistra alcune risorse politico-culturali affrontando alcuni nodi programmatici attraverso undici incontri-lezioni &#8211; spiega il segretario del Prc, Marco Ravera &#8211; Quest&#8217;anno sar\u00e0 con noi il Forum per la Sinistra Europea&#8221;.<\/p>\n<p>La Scuola di politica si svolger\u00e0 presso la Libreria Ubik in corso Italia a Savona e inizier\u00e0 con la lezione su &#8220;La sinistra e la giustizia&#8221;. Il 23 gennaio sar\u00e0 Giovanni Russo Spena (nella foto), ex senatore di Rifondazione, a trattare il tema. Il 30 gennaio, invece, sar\u00e0 affrontato un altro argomento, &#8220;La sinistra e l&#8217;immigrazione&#8221;, grazie alla relazione della professoressa Valeria Ottonelli, docente di filosofia politica presso l&#8217;Universit\u00e0 di Genova.<\/p>\n<p>Le lezioni che si terranno nei mesi successivi spazieranno dalla politica economica al marxismo, dalla guerra alla cultura, dalle istituzioni al lavoro, dal welfare alle istituzioni passando per i diritti. Oltre ai relatori gi\u00e0 citati, terranno lezioni gli ex sentori Giovanni &#8220;Nanni&#8221; Russo e Luigi &#8220;Gigi&#8221; Malabarba a docenti e accademici quali Giunio Luzzatto, Massimiliano Guareschi, Raffaele K. Salinari, Salvatore Palidda e Carlo Degli Abbati fino a giungere all&#8217;ideatore della &#8220;Scuola di politica&#8221; Luca Paroldo. Ogni lezione sar\u00e0 preceduta da una breve introduzione e ascolto di brani musicali inerenti alle tematiche trattate a cura del maestro Giovanni La Grotteria. Tutte le lezioni si terranno con inizio alle ore 20,00.<\/p>\n<p>Il programma:<br \/>\nLa sinistra e la giustizia &#8211; venerd\u00ec 23 gennaio 2009, ore 20.00 Relatore: Giovanni Russo Spena gi\u00e0 senatore della Repubblica<br \/>\nLa sinistra e l&#8217;immigrazione &#8211; venerd\u00ec 30 gennaio 2009, ore 20.00 Relatrice: Valeria Ottonelli Docente di filosofia politica, Universit\u00e0 di Genova<br \/>\nLa sinistra e le istituzioni &#8211; venerd\u00ec 6 febbraio 2009, ore 20.00 Relatore: Giovanni &#8220;Nanni&#8221; Russo gi\u00e0 senatore della Repubblica<br \/>\nLa sinistra e il &#8216;900 &#8211; venerd\u00ec 1320febbraio 2009, ore 20.00 Relatore: Dino Cofrancesco Docente di Storia del Pensiero politico, Universit\u00e0 di Genova<br \/>\nLa sinistra e il lavoro &#8211; venerd\u00ec 20 febbraio 2009, ore 20.00 Relatore: Luigi &#8220;Gigi&#8221; Malabarba gi\u00e0 senatore della Repubblica<br \/>\nDal marxismo alla sinistra &#8211; venerd\u00ec 27 febbraio 2009, ore 20.00 Relatore: Luca Paroldo Dottore di ricerca conseguito presso l&#8217;Universit\u00e0 di Roma, specializzato in Storia della dottrina marxista-leninista presso il Centro studi marxisti di Roma<br \/>\nLa sinistra e la cultura &#8211; venerd\u00ec 6 marzo 2009, ore 20.00 Relatore: Giunio Luzzatto Docente di Analisi matematica, Universit\u00e0 di Genova<br \/>\nLa sinistra e la guerra &#8211; venerd\u00ec 13 marzo 2009, ore 20.00 Relatore: Massimiliano Guareschi Docente di Politiche globali, Universit\u00e0 di Genova<br \/>\nLa sinistra e il welfare &#8211; venerd\u00ec 20 marzo 2009, ore 20.00 Relatore: Raffaele K. Salinari Docente di Diritto della cooperazione, Universit\u00e0 di Bologna, Parma, Urbino<br \/>\nLa sinistra e i diritti &#8211; venerd\u00ec 27 marzo 2009, ore 20.00 Relatore: Salvatore Palidda Docente di Sociologia della devianza e del controllo sociale, Universit\u00e0 di Genova<br \/>\nLa sinistra e i diritti &#8211; venerd\u00ec 3 aprile 2009, ore 20.00 Relatore: Carlo Degli Abbati Docente di Diritto e Politica dell&#8217;Integrazione Europea, Univer sit\u00e0 di Genova<\/p>\n","protected":false},"excerpt":{"rendered":"<p>[thumb:10252:l]Savona. Torna per il terzo anno la &#8220;Scuola di politica&#8221; organizzata da Rifondazione Comunista. Nel primo anno il percorso formativo cercava di definire alcuni concetti fondamentali di filosofia politica e scienza della politica, nel secondo anno l&#8217;attenzione si \u00e8 spostata su temi di attualit\u00e0 letti dal versante storico. &#8220;Per il 2009 cercheremo, invece, di dare [&hellip;]<\/p>\n","protected":false},"author":13744,"featured_media":0,"comment_status":"open","ping_status":"closed","sticky":false,"template":"","format":"standard","meta":{"footnotes":""},"categories":[31],"tags":[366,85831,576,199],"class_list":["post-47144","post","type-post","status-publish","format-standard","hentry","category-politica","tag-marco-ravera","tag-politica","tag-rifondazione","tag-scuola","post_cat_citta-savona"],"amp_validity":null,"amp_enabled":true,"_links":{"self":[{"href":"https:\/\/staging.ivg.it\/ediapi\/wp\/v2\/posts\/47144","targetHints":{"allow":["GET"]}}],"collection":[{"href":"https:\/\/staging.ivg.it\/ediapi\/wp\/v2\/posts"}],"about":[{"href":"https:\/\/staging.ivg.it\/ediapi\/wp\/v2\/types\/post"}],"author":[{"embeddable":true,"href":"https:\/\/staging.ivg.it\/ediapi\/wp\/v2\/users\/13744"}],"replies":[{"embeddable":true,"href":"https:\/\/staging.ivg.it\/ediapi\/wp\/v2\/comments?post=47144"}],"version-history":[{"count":0,"href":"https:\/\/staging.ivg.it\/ediapi\/wp\/v2\/posts\/47144\/revisions"}],"wp:attachment":[{"href":"https:\/\/staging.ivg.it\/ediapi\/wp\/v2\/media?parent=47144"}],"wp:term":[{"taxonomy":"category","embeddable":true,"href":"https:\/\/staging.ivg.it\/ediapi\/wp\/v2\/categories?post=47144"},{"taxonomy":"post_tag","embeddable":true,"href":"https:\/\/staging.ivg.it\/ediapi\/wp\/v2\/tags?post=47144"}],"curies":[{"name":"wp","href":"https:\/\/api.w.org\/{rel}","templated":true}]}}