{"id":471213,"date":"2019-07-03T17:42:15","date_gmt":"2019-07-03T15:42:15","guid":{"rendered":"http:\/\/www.ivg.it\/?p=471213"},"modified":"2019-07-03T17:42:15","modified_gmt":"2019-07-03T15:42:15","slug":"le-iniziative-estive-dellistituto-patetta-di-cairo","status":"publish","type":"post","link":"https:\/\/staging.ivg.it\/2019\/07\/le-iniziative-estive-dellistituto-patetta-di-cairo\/","title":{"rendered":"Le iniziative estive dell&#8217;istituto Patetta di Cairo"},"content":{"rendered":"<p><strong>Cairo Montenotte<\/strong>. Anche quest\u2019anno l\u2019istituto Patetta di Cairo Montenotte rester\u00e0 aperto durante la stagione estiva per la realizzazione di iniziative integrative, destinate agli studenti, e di eventi aperti alla cittadinanza.<\/p>\n<p>Sono gi\u00e0 alle fasi finali gli appuntamenti dedicati allo sport, finanziati attraverso il programma operativo nazionale \u201cPer la scuola, competenze e ambienti per l\u2019apprendimento\u201d 2014-2020 denominato \u201cValori in gioco\u201d che ha visto tre settimane di sport (calcio, nuoto e atletica) destinati a studenti del primo e secondo biennio.<\/p>\n<p>I moduli, realizzati in collaborazione con Asd Cairese 1919, Atletica Cairo e la locale piscina comunale, ha visto la partecipazione di studenti del primo e secondo biennio che hanno potuto partecipare a veri e propri campus residenziali di avviamento all\u2019atletica, al nuoto e al gioco del calcio.<\/p>\n<p>Al nastro di partenza, nella prima settimana di luglio, le iniziative estive del progetto \u201cferrania a memoria\u201d con l\u2019apertura dei due laboratori di animazione cromatica in 16mme disegno libero su pellicola cinematografica dedicati a bambini e ragazzi dai 6 anni che si terranno presso la sede di via Allende, unitamente ad un corso di fotografia, aperto alla cittadinanza.<\/p>\n<p>Il progetto, interamente finanziato nell&#8217;ambito del piano nazionale cinema per la scuola promosso da Miur e Mibac, \u00e8 realizzato in collaborazione col Ferrania Film Museum e Kin\u00e9 Societ\u00e0 Cooperativa, coordinata dall\u2019Aps Garg\u00e0gnan Film.<\/p>\n<p>Nell\u2019ambito dello stesso progetto \u00e8 prevista l\u2019apertura dell\u2019istituto durante l\u2019evento di Cairo Medievale, che si terr\u00e0 tra il 6 e il 10 agosto, con una installazione multimediale, l\u2019esposizione di quanto prodotto dai corsisti nei corsi del mese di luglio e due proiezioni all\u2019aperto, che si terranno nel cortile della sede di via Allende.<\/p>\n<p>Il progetto Ferrania a Memoria prevede ulteriori iniziative dedicate a studenti e insegnanti che si svolgeranno nel prossimo autunno, nonch\u00e9 la realizzazione di un\u2019aula per la produzione e il montaggio di audiovisivi che sar\u00e0 inaugurata nel mese di settembre presso la sede di via 25 Aprile dell\u2019istituto Patetta.<\/p>\n","protected":false},"excerpt":{"rendered":"<p>Sono iniziative integrative, destinate agli studenti, e di eventi aperti alla cittadinanza<\/p>\n","protected":false},"author":12120,"featured_media":0,"comment_status":"open","ping_status":"closed","sticky":false,"template":"","format":"standard","meta":{"footnotes":""},"categories":[45296,56],"tags":[81916],"class_list":["post-471213","post","type-post","status-publish","format-standard","hentry","category-copertina","category-altre","tag-istituto-patetta-cairo-montenotte","post_cat_citta-cairo-montenotte"],"amp_validity":null,"amp_enabled":true,"_links":{"self":[{"href":"https:\/\/staging.ivg.it\/ediapi\/wp\/v2\/posts\/471213","targetHints":{"allow":["GET"]}}],"collection":[{"href":"https:\/\/staging.ivg.it\/ediapi\/wp\/v2\/posts"}],"about":[{"href":"https:\/\/staging.ivg.it\/ediapi\/wp\/v2\/types\/post"}],"author":[{"embeddable":true,"href":"https:\/\/staging.ivg.it\/ediapi\/wp\/v2\/users\/12120"}],"replies":[{"embeddable":true,"href":"https:\/\/staging.ivg.it\/ediapi\/wp\/v2\/comments?post=471213"}],"version-history":[{"count":0,"href":"https:\/\/staging.ivg.it\/ediapi\/wp\/v2\/posts\/471213\/revisions"}],"wp:attachment":[{"href":"https:\/\/staging.ivg.it\/ediapi\/wp\/v2\/media?parent=471213"}],"wp:term":[{"taxonomy":"category","embeddable":true,"href":"https:\/\/staging.ivg.it\/ediapi\/wp\/v2\/categories?post=471213"},{"taxonomy":"post_tag","embeddable":true,"href":"https:\/\/staging.ivg.it\/ediapi\/wp\/v2\/tags?post=471213"}],"curies":[{"name":"wp","href":"https:\/\/api.w.org\/{rel}","templated":true}]}}