{"id":471100,"date":"2019-07-02T16:23:24","date_gmt":"2019-07-02T14:23:24","guid":{"rendered":"http:\/\/www.ivg.it\/?p=471100"},"modified":"2019-07-02T16:23:24","modified_gmt":"2019-07-02T14:23:24","slug":"tpl-savonese-una-burla-giocata-alle-tre-tavolette","status":"publish","type":"post","link":"https:\/\/staging.ivg.it\/2019\/07\/tpl-savonese-una-burla-giocata-alle-tre-tavolette\/","title":{"rendered":"TPL savonese una burla giocata alle tre tavolette?"},"content":{"rendered":"<p>In questi giorni Il vicesindaco di Savona annuncia che sta per presentare al &#8220;pubblico&#8221; il suo Piano Urbano della Mobilit\u00e0 e del Trasporto. Ai colleghi di Giunta gi\u00e0 lo ha inviato! Su questo piano Arecco ha &#8220;ruminato&#8221; ben tre anni! Questo risultato del lungo &#8220;rumine&#8221; sembra essere secondo Arecco un ottimo piano senza costi, realizzato impastando &#8220;idee dal basso&#8221;, piuttosto che ricorrendo ad esperti del settore, od almeno a professionisti con &#8220;capacit\u00e0&#8221; realizzative.<\/p>\n<p>Gi\u00e0 nella precedente legislatura abbiamo avuto esempi di proposte &#8220;dal basso&#8221;: ad esempio la metropolitana Costa Crociere-terminal traghetti di porto Vado. Un&#8217;opera di alta fantasia che non teneva in alcun conto n\u00e9 i costi realizzativi, n\u00e9 i costi gestionali. Ma si basava sull&#8217;idea che i binari c&#8217;erano gi\u00e0! Ma che bell&#8217;idea! Purtroppo i propositori &#8220;dal basso&#8221; non hanno valutato i costi di realizzazione di 13 stazioni, n\u00e9 i costi del personale in servizio ed in officina, le strutture di supporto, n\u00e9 tantomeno paragonare questi costi ad un analogo servizio con autobus elettrici.<\/p>\n<p>Ma questi &#8220;propositori dal basso&#8221; non si sono minimamente chiesti chi pagher\u00e0 l&#8217;opera da costruire, n\u00e9 quali saranno poi i costi di esercizio! &#8230;..perch\u00e8 una volta che i soldi di realizzazione possano anche &#8220;piovere dal cielo&#8221; rimane comunque il costo di esercizio! Un costo che &#8220;deve&#8221; essere valutato prima di decidere qualsiasi strada possibile!<\/p>\n<p>Arecco nel suo Piano Urbano della Mobilit\u00e0 e del Trasporto &#8220;auspica&#8221; un incremento del servizio pubblico a scapito di quello privato. Questa informazione \u00e8 stata data dallo stesso Arecco alla stampa, in quanto il suo PUMT \u00e8 ancora &#8220;non ufficialmente e pubblicamente noto&#8221;.<\/p>\n<p>Sul Piano Urbano della Mobilit\u00e0 e del Trasporto Arecco ha una concorrente in casa, la Sindaca Caprioglio, che ha promesso di presentare un suo Piano Urbano della Mobilit\u00e0 e del Trasporto assieme alla prof. Saccone!<\/p>\n<p>Che cosa non va in questa &#8220;aspirazione&#8221; di Arecco di incremento del servizio pubblico a scapito di quello privato? Ma nulla e tanto! Nulla perch\u00e9 tutti vorremmo pi\u00f9 servizio pubblico. Tanto perch\u00e9 da tempo \u00e8 nota la situazione disastrosa di TPL, ed in questi giorni tante notizie in proposito vengono fuori dalla stampa a getto continuo.<\/p>\n<p>Una notizia delle pi\u00f9 &#8220;indecenti&#8221; \u00e8 l&#8217;affermazione piena di vanagloria del Presidente Strinati che afferma con orgoglio che ha presentato un bel bilancio in attivo!<\/p>\n<p>Ma subito dobbiamo farci una domanda: va bene il bilancio in attivo, ma il servizio a che livello \u00e8?<\/p>\n<p>E qui \u00e8 una Caporetto allucinante!<\/p>\n<p>1) Molti autobus acquistati da rottamatori esteri (Turchia, ed altri) con percorrenze chilometriche incredibili, e che hanno guai di tutti i tipi, tra cui staffe del motore che cedono ed il motore cade a terra!<\/p>\n<p>2) Autobus progettati per avere l&#8217;aria condizionata, e quindi finestre chiuse, sui quali non funziona l&#8217;aria condizionata, e quindi sia il pubblico che gli autisti sono costretti ad una sauna &#8220;gratis&#8221;! Met\u00e0 degli autobus hanno l&#8217;aria condizionata rotta, lo dice il sindacato.<\/p>\n<p>3) Autobus che si guastano, devono venir rimorchiati, e quindi corse che saltano.<\/p>\n<p>4) Gomme consumate su molti bus.<\/p>\n<p>5) Qualcuno ha mai fatto verifiche sulle emissioni dei fumi? Forse!<\/p>\n<p>6) Mezzi vetusti, manutenzione molto scarsa, sicurezza poca.<\/p>\n<p>7) Sito internet con informazioni scarse e di scarsa utilit\u00e0, con orari forniti da societ\u00e0 esterna, nessuna mappa dei percorsi!<\/p>\n<p>Che dire?<\/p>\n<p>Si gestisce cos\u00ec una azienda che fornisce servizi di trasporto pubblico? Questo servizio che offre \u00e8 appetibile per l&#8217;utenza attuale, ed \u00e8 in grado di attirare nuovi utenti?<\/p>\n<p>Un servizio di trasporto pubblico &#8220;decoroso&#8221; &#8220;efficace&#8221; &#8220;attraente&#8221; dovrebbe avere mezzi moderni, con pochi anni di vita (massimo 6 anni), essere costituito da flotte di mezzi ibridi ed elettrici, nuovi acquisti solo di mezzi elettrici. Naturalmente, viste le code, offrire pi\u00f9 posti a sedere. E poi aria condizionata funzionante e non solo &#8220;teorica&#8221;.<\/p>\n<p>Servizi a terra con cabine tutte uguali, con informazioni adeguate e leggibili sulle linee in transito, con tabella elettronica che indica tutti i mezzi in arrivo e in quali tempi.<\/p>\n<p>Fantascienza? Per Savona s\u00ec. Per altre realt\u00e0 &#8220;cose vecchie&#8221;, consolidate da anni!<\/p>\n<p>Ed allora dobbiamo dire &#8220;bravo&#8221; al Presidente Strinati che ha presentato un bilancio di qualche spicciolo in attivo ma ci ha propinato finora un servizio misero ed indecente, senza una chiara &#8220;missione&#8221; oggi, e senza nessuna visione di futuro?<\/p>\n<p>Non sarebbe stato suo compito alzarsi le maniche e richiedere finanziamenti almeno per avere un parco mezzi funzionale e sicuro, e per realizzare strutture a terra da nazione civile? &#8230;..tanto per cominciare&#8230;.<\/p>\n<p>Il vicesindaco di Savona annunciando che sta per presentare al &#8220;pubblico&#8221; il suo Piano Urbano della Mobilit\u00e0 e del Trasporto rimuginato per tre anni \u00e8 in un ritardo incredibile, ed &#8220;auspicando&#8221; un incremento del servizio pubblico a scapito di quello privato non sta sognando ad occhi aperti? E&#8217; connesso con la realt\u00e0 di TPL? Sa in quale stato \u00e8 il servizio? Io credo di no!<\/p>\n<p>Se Arecco che per realizzare i sogni bisogna lavorare duro su progetti ed investimenti? Quale credibile piano di trasporto pubblico si pu\u00f2 concepire &#8220;auspicando&#8221; invece che &#8220;progettando&#8221;?<\/p>\n<p>Ho molti dubbi sul piano di Arecco: aspetto che lo presenti per dare un giudizio definitivo!<\/p>\n<p>Ma il gioco tra &#8220;quale servizio pubblico&#8221; avremo sembra essere attualmente sono un gioco alle tre tavolette: Strinati-Arecco-Caprioglio! Buon divertimento!<\/p>\n<p style=\"text-align: right;\"><em><strong>Comitato Casello Albamare<\/strong><\/em><br \/>\n<em><strong>il Presidente<\/strong><\/em><br \/>\n<em><strong>Paolo Forzano<\/strong><\/em><\/p>\n","protected":false},"excerpt":{"rendered":"<p>di Paolo Forzano<\/p>\n","protected":false},"author":12120,"featured_media":0,"comment_status":"open","ping_status":"closed","sticky":false,"template":"","format":"standard","meta":{"footnotes":""},"categories":[45296,35,120,31],"tags":[6164],"class_list":["post-471100","post","type-post","status-publish","format-standard","hentry","category-copertina","category-economia","category-lettere","category-politica","tag-tpl","post_cat_citta-savona"],"amp_validity":null,"amp_enabled":true,"_links":{"self":[{"href":"https:\/\/staging.ivg.it\/ediapi\/wp\/v2\/posts\/471100","targetHints":{"allow":["GET"]}}],"collection":[{"href":"https:\/\/staging.ivg.it\/ediapi\/wp\/v2\/posts"}],"about":[{"href":"https:\/\/staging.ivg.it\/ediapi\/wp\/v2\/types\/post"}],"author":[{"embeddable":true,"href":"https:\/\/staging.ivg.it\/ediapi\/wp\/v2\/users\/12120"}],"replies":[{"embeddable":true,"href":"https:\/\/staging.ivg.it\/ediapi\/wp\/v2\/comments?post=471100"}],"version-history":[{"count":0,"href":"https:\/\/staging.ivg.it\/ediapi\/wp\/v2\/posts\/471100\/revisions"}],"wp:attachment":[{"href":"https:\/\/staging.ivg.it\/ediapi\/wp\/v2\/media?parent=471100"}],"wp:term":[{"taxonomy":"category","embeddable":true,"href":"https:\/\/staging.ivg.it\/ediapi\/wp\/v2\/categories?post=471100"},{"taxonomy":"post_tag","embeddable":true,"href":"https:\/\/staging.ivg.it\/ediapi\/wp\/v2\/tags?post=471100"}],"curies":[{"name":"wp","href":"https:\/\/api.w.org\/{rel}","templated":true}]}}