{"id":470847,"date":"2019-06-29T15:47:39","date_gmt":"2019-06-29T13:47:39","guid":{"rendered":"http:\/\/www.ivg.it\/?p=470847"},"modified":"2019-06-29T15:47:39","modified_gmt":"2019-06-29T13:47:39","slug":"filiera-rinfuse-di-savona-beveduti-risponde-al-m5s-suggerite-fantasiose-esortazioni","status":"publish","type":"post","link":"https:\/\/staging.ivg.it\/2019\/06\/filiera-rinfuse-di-savona-beveduti-risponde-al-m5s-suggerite-fantasiose-esortazioni\/","title":{"rendered":"Filiera rinfuse di Savona, Beveduti risponde al M5S: &#8220;Suggerite fantasiose esortazioni&#8221;"},"content":{"rendered":"<p><strong>Savona.<\/strong> &#8220;Da parte dell&#8217;opposizione 5 Stelle, che dovrebbe ben conoscere la specifica situazione della &#8216;filiera del carbone&#8217; e anche, immaginiamo, lo stato dell&#8217;arte delle pratiche ai ministeri dello Sviluppo Economico e delle Infrastrutture\/Trasporti, ci aspetteremmo invece qualcosa di pi\u00f9 che generiche e fantasiose esortazioni. Senza voler innescare inutili polemiche, ma solo per doverosa precisazione, si ricorda che stiamo parlando di un contesto giuridicamente ben definito di &#8216;concordato di continuit\u00e0&#8217;. Gi\u00e0 questo dovrebbe di per s\u00e9 ben perimetrare quelli che possono essere gli ambiti e i limiti d&#8217;intervento della funzione pubblica. E in questi ambiti ci stiamo muovendo con tempismo e cognizione di causa&#8221;.<\/p>\n<p>\u00c8 la risposta dell&#8217;assessore regionale allo Sviluppo economico Andrea Benveduti, a seguito del comunicato diramato dal Movimento 5 Stelle Liguria, a firma del consigliere regionale Melis.<\/p>\n<p>&#8220;Anche nello specifico &#8211; aggiunge l&#8217;assessore Benveduti -, suggeriamo l&#8217;approfondimento degli strumenti menzionati, che aiuterebbe a comprenderne limiti e utilizzo. Per quanto riguarda il Fesr, sono molti gli elementi strutturali che non consentono di ricorrervi per il finanziamento degli investimenti citati, in primis: quadro giuridico, natura degli interventi, dimensione d&#8217;impresa e il fatto che comunque siano tutti finanziamenti a bando. Analoghe motivazioni sul lato &#8216;Aree Crisi Complesse&#8217; per i fondi regionali messi in campo. Le altre fonti sono ministeriali (Mise e MIT) e l&#8217;eventuale attivazione di nuove misure avrebbe perci\u00f2 come presupposto l&#8217;attivazione di tali ministeri&#8221;.<\/p>\n<p>&#8220;Detto questo, visto il doveroso comune interesse nella tutela dell&#8217;occupazione e del tessuto industriale della nostra Regione, intensificheremo i nostri sforzi presso le parti coinvolte e ben valuteremo realistici suggerimenti migliorativi da qualsiasi parte vengano&#8221; conclude.<\/p>\n","protected":false},"excerpt":{"rendered":"<p>&#8220;Ci stiamo muovendo con tempismo e cognizione di causa&#8221;<\/p>\n","protected":false},"author":10593,"featured_media":0,"comment_status":"open","ping_status":"closed","sticky":false,"template":"","format":"standard","meta":{"footnotes":""},"categories":[31],"tags":[107410,5097],"class_list":["post-470847","post","type-post","status-publish","format-standard","hentry","category-politica","tag-crisi-filiera-rinfuse","tag-rinfuse","post_cat_citta-cairo-montenotte","post_cat_citta-savona","post_cat_citta-valbormida","post_tag_personaggi-andrea-benveduti"],"amp_validity":null,"amp_enabled":true,"_links":{"self":[{"href":"https:\/\/staging.ivg.it\/ediapi\/wp\/v2\/posts\/470847","targetHints":{"allow":["GET"]}}],"collection":[{"href":"https:\/\/staging.ivg.it\/ediapi\/wp\/v2\/posts"}],"about":[{"href":"https:\/\/staging.ivg.it\/ediapi\/wp\/v2\/types\/post"}],"author":[{"embeddable":true,"href":"https:\/\/staging.ivg.it\/ediapi\/wp\/v2\/users\/10593"}],"replies":[{"embeddable":true,"href":"https:\/\/staging.ivg.it\/ediapi\/wp\/v2\/comments?post=470847"}],"version-history":[{"count":0,"href":"https:\/\/staging.ivg.it\/ediapi\/wp\/v2\/posts\/470847\/revisions"}],"wp:attachment":[{"href":"https:\/\/staging.ivg.it\/ediapi\/wp\/v2\/media?parent=470847"}],"wp:term":[{"taxonomy":"category","embeddable":true,"href":"https:\/\/staging.ivg.it\/ediapi\/wp\/v2\/categories?post=470847"},{"taxonomy":"post_tag","embeddable":true,"href":"https:\/\/staging.ivg.it\/ediapi\/wp\/v2\/tags?post=470847"}],"curies":[{"name":"wp","href":"https:\/\/api.w.org\/{rel}","templated":true}]}}