{"id":470834,"date":"2019-06-29T15:24:27","date_gmt":"2019-06-29T13:24:27","guid":{"rendered":"http:\/\/www.ivg.it\/?p=470834"},"modified":"2019-06-29T15:41:47","modified_gmt":"2019-06-29T13:41:47","slug":"altare-oggi-al-monastero-induista-si-celebra-la-giornata-nazionale-della-cura","status":"publish","type":"post","link":"https:\/\/staging.ivg.it\/2019\/06\/altare-oggi-al-monastero-induista-si-celebra-la-giornata-nazionale-della-cura\/","title":{"rendered":"Altare, oggi al monastero induista si celebra la Giornata della Cura"},"content":{"rendered":"<p><strong>Altare<\/strong>. Da questa mattina, presso il monastero induista di Altare, si tiene una serie di appuntamenti con ambientalisti, medici ed esperti di joga per festeggiare la giornata internazionale della cura.<\/p>\n<p>&#8220;L&#8217;India non ha abbandonato la scienza, ci si cura con i farmaci e si insegna yoga ai medici &#8211; viene spiegato in merito al Paese patria dell&#8217;induismo &#8211; la cura si pone come fil rouge in grado di unire ambiti apparentemente molto distanti tra loro, ma in verit\u00e0 complementari gli uni agli altri: l\u2019antica disciplina dello yoga, le scienze mediche, l\u2019osservazione e la protezione dell\u2019ambiente e della natura nel suo complesso\u201d.<\/p>\n<p>Nel corso dei vari interventi si \u00e8 parlato della crisi ambientale che stiamo vivendo, dell&#8217;alienazione, della violenza; si \u00e8 elogiata la cura che occorre avere nei confronti della Terra che &#8220;sta soffrendo perch\u00e9 l&#8217;uomo non si rende conto di essere parte della natura, vedendola esteriore a se stesso. Noi siamo la Terra&#8221;.<\/p>\n<div class=\"single-img-content-container fullwidth-single shortcode standard\">\n    <div class=\"image_container\" style=\"text-align: center;\">\n        <picture class=\" lazyload\"><img loading=\"lazy\" class=\"lazy\" data-srcset=\"https:\/\/www.ivg.it\/photogallery_new\/images\/2019\/06\/generica-561755.jpg 1024w, https:\/\/www.ivg.it\/photogallery_new\/images\/2019\/06\/generica-561755.jpg 970w, https:\/\/www.ivg.it\/photogallery_new\/images\/2019\/06\/generica-561755.jpg 660w, https:\/\/www.ivg.it\/photogallery_new\/images\/2019\/06\/generica-561755.jpg 316w, https:\/\/www.ivg.it\/photogallery_new\/images\/2019\/06\/generica-561755.jpg 150w\"  data-src=\"https:\/\/www.ivg.it\/photogallery_new\/images\/2019\/06\/generica-561755.jpg\" alt=\"Giornata della cura \" \/><\/picture>\r\n\n    <\/div>\n    <\/div>\n\n<p>Alla giornata intitolata \u201cTra etica della cura e cura della Terra\u201d hanno partecipato l\u2019Unione Induista italiana e tanti ospiti tra cui rappresentanti delle istituzioni, esperti di calibro internazionale nel campo dello joga e delle discipline induiste, figure del mondo scientifico, accademico e associazionistico, Mariagrazia Francescato, giornalista e scrittrice e Paolo Marino, agronomo e coordinato del progetto agro-ecologia.<\/p>\n<p>A presenziare alla cerimonia, Reenat Sandhu, l&#8217;ambasciatrice dell&#8217;India a Roma, rappresentanti delle comunit\u00e0 indiane, dello Sri Lanka e delle Mauritius presenti in Italia. Ospite d\u2019eccezione, il dottor Ananda Balayoghi Bhavanani, medico ed esperto di yoga e presidente del Centro Internazionale di Formazione e Ricerca presso lo Yoga Ananda Ashram di Pondicherry in India.<\/p>\n<p>L\u2019evento, articolato dalle 9.30 alle 18, \u00e8 inserito \u201cin un pi\u00f9 ampio calendario di eventi finalizzato a ripercorrere la vita e il pensiero del Mahatma Gandhi di cui ricorre il 150\u00b0 anniversario della nascita. Il maestro \u00e8 infatti un modello indiscusso di non violenza e verit\u00e0 ed \u00e8 stato anche un precursore dell\u2019ecologia moderna e dello sviluppo ecosostenibile\u201d.<\/p>\n<div class=\"single-img-content-container fullwidth-single shortcode standard\">\n    <div class=\"image_container\" style=\"text-align: center;\">\n        <picture class=\" lazyload\"><img loading=\"lazy\" class=\"lazy\" data-srcset=\"https:\/\/www.ivg.it\/photogallery_new\/images\/2019\/06\/generica-561756.jpg 1024w, https:\/\/www.ivg.it\/photogallery_new\/images\/2019\/06\/generica-561756.jpg 970w, https:\/\/www.ivg.it\/photogallery_new\/images\/2019\/06\/generica-561756.jpg 660w, https:\/\/www.ivg.it\/photogallery_new\/images\/2019\/06\/generica-561756.jpg 316w, https:\/\/www.ivg.it\/photogallery_new\/images\/2019\/06\/generica-561756.jpg 150w\"  data-src=\"https:\/\/www.ivg.it\/photogallery_new\/images\/2019\/06\/generica-561756.jpg\" alt=\"Giornata della cura \" \/><\/picture>\r\n\n    <\/div>\n    <\/div>\n\n<p>In occasione, per tradurre gli ideali in azioni concrete, l\u2019Ambasciata dell\u2019India a Roma ha donato un centinaio di alberi alle diverse realt\u00e0 nazionali tra cui l&#8217;Unione Induista italiana, il monastero induista di Altare e altre comunit\u00e0 induiste presenti in Italia.<\/p>\n","protected":false},"excerpt":{"rendered":"<p>&#8220;Lo yoga \u00e8 uno strumento per sviluppare armonia, un benessere interiore che si manifesta nella nostra esistenza&#8221;<\/p>\n","protected":false},"author":18838,"featured_media":0,"comment_status":"open","ping_status":"closed","sticky":false,"template":"","format":"standard","meta":{"footnotes":""},"categories":[56],"tags":[],"class_list":["post-470834","post","type-post","status-publish","format-standard","hentry","category-altre","post_cat_citta-altare"],"amp_validity":null,"amp_enabled":true,"_links":{"self":[{"href":"https:\/\/staging.ivg.it\/ediapi\/wp\/v2\/posts\/470834","targetHints":{"allow":["GET"]}}],"collection":[{"href":"https:\/\/staging.ivg.it\/ediapi\/wp\/v2\/posts"}],"about":[{"href":"https:\/\/staging.ivg.it\/ediapi\/wp\/v2\/types\/post"}],"author":[{"embeddable":true,"href":"https:\/\/staging.ivg.it\/ediapi\/wp\/v2\/users\/18838"}],"replies":[{"embeddable":true,"href":"https:\/\/staging.ivg.it\/ediapi\/wp\/v2\/comments?post=470834"}],"version-history":[{"count":0,"href":"https:\/\/staging.ivg.it\/ediapi\/wp\/v2\/posts\/470834\/revisions"}],"wp:attachment":[{"href":"https:\/\/staging.ivg.it\/ediapi\/wp\/v2\/media?parent=470834"}],"wp:term":[{"taxonomy":"category","embeddable":true,"href":"https:\/\/staging.ivg.it\/ediapi\/wp\/v2\/categories?post=470834"},{"taxonomy":"post_tag","embeddable":true,"href":"https:\/\/staging.ivg.it\/ediapi\/wp\/v2\/tags?post=470834"}],"curies":[{"name":"wp","href":"https:\/\/api.w.org\/{rel}","templated":true}]}}