{"id":470824,"date":"2019-06-29T10:49:22","date_gmt":"2019-06-29T08:49:22","guid":{"rendered":"http:\/\/www.ivg.it\/?p=470824"},"modified":"2019-06-29T10:49:22","modified_gmt":"2019-06-29T08:49:22","slug":"chiusura-scuola-infermieri-al-santa-corona-de-vincenzi-si-smantella-la-storia-rozzi-allarmismo-strumentale","status":"publish","type":"post","link":"https:\/\/staging.ivg.it\/2019\/06\/chiusura-scuola-infermieri-al-santa-corona-de-vincenzi-si-smantella-la-storia-rozzi-allarmismo-strumentale\/","title":{"rendered":"Chiusura scuola infermieri al Santa Corona, De Vincenzi: &#8220;Si smantella la storia&#8221;. Rozzi: &#8220;Allarmismo strumentale&#8221;"},"content":{"rendered":"<p><strong>Pietra Ligure.<\/strong> &#8220;Con la chiusura, a partire dal prossimo anno accademico 2019\/2020, della Scuola Infermieri del Santa Corona e il suo accorpamento con il Polo del San Paolo di Savona non si continua solo nella direzione del progressivo depotenziamento del presidio pietrese, ormai chiaramente intrapresa da tempo dall\u2019Amministrazione regionale a trazione leghista, ma si smantella anche la storia dell\u2019ospedale di Pietra Ligure&#8221;. La critica arriva da Luigi De Vincenzi, sindaco di Pietra Ligure.<\/p>\n<p>&#8220;Una storia pluridecennale &#8211; ricorda &#8211; fatta da innumerevoli eccellenze gradualmente e sistematicamente &#8216;spente&#8217; in questi ultimi quattro anni, di cui la Scuola Infermieri era un fiore all\u2019occhiello che nel settore infermieristico e tecnico ha contribuito fattivamente al raggiungimento degli altissimi livelli acquisiti dal nosocomio pietrese nelle varie specializzazioni mediche fino al riconoscimento del DEA di secondo livello&#8221;.<\/p>\n<p>&#8220;Con un colpo di spugna &#8211; tuona De Vincenzi &#8211; la Regione ha deciso di cancellare un\u2019esperienza formativa attiva da pi\u00f9 di sessant\u2019anni, serbatoio di professionalit\u00e0 di altissimo livello, privando l\u2019ospedale pietrese di una risorsa fondamentale, mettendo in difficolt\u00e0 gli allievi del ponente e interrompendo quel connubio strettissimo e virtuoso tra teoria e pratica, consolidato da decenni al Santa Corona. Con questa decisione il presidio ospedaliero pietrese subisce una grave perdita ed \u00e8 un segnale chiaro, se mai ce ne servissero ancora, verso lo smantellamento del nostro ospedale, il tutto nel silenzio pi\u00f9 assoluto di chi, nella recente campagna elettorale, prometteva un futuro meraviglioso per il Santa Corona&#8221;.<\/p>\n<p>Una presa di posizione a cui replica Silvia Rozzi, consigliere comunale di minoranza e infermiera proprio presso il pronto soccorso del Santa Corona. &#8220;Chiariamo alcune cose. Primo, \u00e8 comprensibile il retaggio nostalgico legato alla scuola convitto di sessant&#8217;anni fa ma le cose sono cambiate: oggi parliamo di Corso di Laurea in Infermieristica appartenente alla Facolt\u00e0 di Medicina e Chirurgia. Non tutte le facolt\u00e0 hanno la fortuna di avere sedi dislocate sul territorio, questa s\u00ec! Il &#8216;colpo di spugna&#8217; di cui parla \u00e8 la formalizzazione del Polo Universitario dell&#8217;ASL 2. Cosa cambia in pratica? Ben poco! Le lezioni teoriche si terranno al Campus Universitario di Legino congiuntamente per tutti gli studenti (comunque sono pi\u00f9 di 10 anni che per alcune materie si va al Campus, non \u00e8 certo una novit\u00e0 post elezioni!). Secondo, prima della de-aziendalizzazione si poteva davvero dire che la scuola infermieri del Santa Corona puntava a formare e tenere al proprio interno eccellenti infermieri. Ma sono 10 anni che non \u00e8 pi\u00f9 cos\u00ec: i concorsi vengono fatti per Asl, o addirittura per pi\u00f9 Asl, e partecipano migliaia di infermieri da tutta Italia, col risultato che molti dei nostri eccellenti laureati vanno a lavorare ovunque tranne che al Santa Corona&#8221;. Tra parentesi, ricorda Rozzi, &#8220;De Vincenzi allora era sindaco e l&#8217;amministrazione regionale diversa da quella odierna: ricordo bene i suoi &#8216;sforzi&#8217; di opposizione a tale infausto epilogo, giustificati in campagna elettorale dicendo che un sindaco aveva poteri limitati in tal senso-ed \u00e8 vero, ma io al suo posto mi ci sarei incatenata ai cancelli della portineria, almeno per coscienza&#8221;.<\/p>\n<p>E ancora: &#8220;Il &#8216;serbatoio di professionalit\u00e0 di altissimo livello&#8217; di cui parla rimasto al Santa Corona siamo noi, infermieri esperti che ad oggi fanno da tutor in corsia agli studenti e che con l&#8217;unificazione del Polo Universitario e la distribuzione del tirocinio sull&#8217;intera provincia avranno la possibilit\u00e0 di trasmettere esperienza e conoscenze non solo a quelli del polo pietrese ma anche a quelli del polo savonese! E prima di noi le professionalit\u00e0 operanti nei due poli che, se mantenute e coalizzate, continueranno a garantire un eccellente livello formativo&#8221;. Infine &#8220;gli studenti del ponente, se si intende fino al confine, vedranno dall&#8217;anno accademico 2019\/2020 la riapertura del Polo Universitario ASL 1 Imperiese ed il numero degli studenti che potranno accedere al Corso di Laurea su scala regionale \u00e8 garantito&#8221;.<\/p>\n<p>&#8220;Basta creare allarmismi inutili &#8211; tuona Rozzi &#8211; Certo che sarebbe stato bello mantenere la capillarit\u00e0 dei poli formativi in termini di contatto diretto tra docenti e studenti ma l&#8217;evoluzione universitaria della professione \u00e8 anche questo, ed \u00e8 giusto che a parlarne sia chi conosce bene il sistema perch\u00e9 lo vive ogni giorno. Parlare di chiusure, smantellamenti, promesse elettorali non mantenute, in questo caso la trovo pura strumentalizzazione politica&#8221;.<\/p>\n","protected":false},"excerpt":{"rendered":"<p>Duro botta e risposta tra il sindaco e la consigliera di minoranza<\/p>\n","protected":false},"author":10593,"featured_media":0,"comment_status":"open","ping_status":"closed","sticky":false,"template":"","format":"standard","meta":{"footnotes":""},"categories":[31],"tags":[2164,302],"class_list":["post-470824","post","type-post","status-publish","format-standard","hentry","category-politica","tag-infermieri","tag-santa-corona","post_cat_citta-pietra-ligure","post_tag_personaggi-luigi-de-vincenzi","post_tag_personaggi-silvia-rozzi"],"amp_validity":null,"amp_enabled":true,"_links":{"self":[{"href":"https:\/\/staging.ivg.it\/ediapi\/wp\/v2\/posts\/470824","targetHints":{"allow":["GET"]}}],"collection":[{"href":"https:\/\/staging.ivg.it\/ediapi\/wp\/v2\/posts"}],"about":[{"href":"https:\/\/staging.ivg.it\/ediapi\/wp\/v2\/types\/post"}],"author":[{"embeddable":true,"href":"https:\/\/staging.ivg.it\/ediapi\/wp\/v2\/users\/10593"}],"replies":[{"embeddable":true,"href":"https:\/\/staging.ivg.it\/ediapi\/wp\/v2\/comments?post=470824"}],"version-history":[{"count":0,"href":"https:\/\/staging.ivg.it\/ediapi\/wp\/v2\/posts\/470824\/revisions"}],"wp:attachment":[{"href":"https:\/\/staging.ivg.it\/ediapi\/wp\/v2\/media?parent=470824"}],"wp:term":[{"taxonomy":"category","embeddable":true,"href":"https:\/\/staging.ivg.it\/ediapi\/wp\/v2\/categories?post=470824"},{"taxonomy":"post_tag","embeddable":true,"href":"https:\/\/staging.ivg.it\/ediapi\/wp\/v2\/tags?post=470824"}],"curies":[{"name":"wp","href":"https:\/\/api.w.org\/{rel}","templated":true}]}}