{"id":470560,"date":"2019-06-26T11:06:00","date_gmt":"2019-06-26T09:06:00","guid":{"rendered":"http:\/\/www.ivg.it\/?p=470560"},"modified":"2019-06-26T11:06:50","modified_gmt":"2019-06-26T09:06:50","slug":"cairese-massimiliano-brignone-alla-guida-della-juniores","status":"publish","type":"post","link":"https:\/\/staging.ivg.it\/2019\/06\/cairese-massimiliano-brignone-alla-guida-della-juniores\/","title":{"rendered":"Cairese: Massimiliano Brignone alla guida della Juniores"},"content":{"rendered":"<p><strong>Cairo Montenotte.<\/strong> Dopo l\u2019addio di mister Grassi, un altro tecnico di grande esperienza per la<strong> Juniores della Cairese:<\/strong> la squadra che affronter\u00e0 il prossimo campionato regionale di Eccellenza sar\u00e0 guidata dall\u2019ex allenatore del Plodio <strong>Massimiliano Brignone.<\/strong><\/p>\n<p>Per quanto riguarda la prima squadra, <strong>Luca Giribaldi, dopo sei anni a difesa della porta giallobl\u00f9, saluta la Cairese,<\/strong> squadra della sua citt\u00e0 dove ha iniziato a tirare i suoi primi calci al pallone prima di trasferirsi nella giovanili del Savona e giocare in prima squadra per 5 anni in Serie D. Un&#8217;esperienza triennale alla Veloce, poi tre mesi a Cogoleto prima di ritornare a fine 2013 nella sua amata Cairese.<\/p>\n<p>&#8220;<strong>Sono convinto che non sia un addio, ma solamente un arrivederci<\/strong> &#8211; dichiara -. Purtroppo questioni lavorative e soprattutto questioni di una ricerca di continuit\u00e0 domenicale mi hanno portato, credetemi con profondo dispiacere, a fare questa scelta&#8221;.<\/p>\n<p>Una decisione molto dolorosa per Luca e la societ\u00e0, consapevoli, per\u00f2, che le difficolt\u00e0 odierne non precludo un futuro prossimo insieme. &#8220;<strong>Lascio, ma sono convinto solo momentaneamente, delle persone fantastiche che non mi hanno e non ci hanno mai fatto mancare nulla<\/strong> &#8211; spiega Giribaldi &#8211; ma soprattutto uno spogliatoio di amici e uomini veri, cosa molto rara in questo ambiente&#8221;.<\/p>\n<p>Un saluto va anche a tifosi giallobl\u00f9, per i quali in questi anni \u00e8 diventato un simbolo della squadra, grazie alle sue qualit\u00e0 e al suo attaccamento alla maglia, che ha dimostrato anche e soprattutto nei momenti difficili: &#8220;<strong>Ai tifosi posso dire semplicemente un grande grazie.<\/strong> Ci avete sempre sostenuto, sia in casa che in trasferta, siete fantastici. Per sempre forza Cairese!&#8221;.<\/p>\n","protected":false},"excerpt":{"rendered":"<p>Per il portiere Luca Giribaldi \u00e8 il giorno dell&#8217;addio<\/p>\n","protected":false},"author":18,"featured_media":0,"comment_status":"open","ping_status":"closed","sticky":false,"template":"","format":"standard","meta":{"footnotes":""},"categories":[45296,182,32],"tags":[92941,85989,569],"class_list":["post-470560","post","type-post","status-publish","format-standard","hentry","category-copertina","category-calcio","category-sport","tag-asd-cairese-1919","tag-calcio","tag-eccellenza","post_cat_citta-cairo-montenotte","post_tag_personaggi-luca-giribaldi","post_tag_personaggi-massimiliano-brignone"],"amp_validity":null,"amp_enabled":true,"_links":{"self":[{"href":"https:\/\/staging.ivg.it\/ediapi\/wp\/v2\/posts\/470560","targetHints":{"allow":["GET"]}}],"collection":[{"href":"https:\/\/staging.ivg.it\/ediapi\/wp\/v2\/posts"}],"about":[{"href":"https:\/\/staging.ivg.it\/ediapi\/wp\/v2\/types\/post"}],"author":[{"embeddable":true,"href":"https:\/\/staging.ivg.it\/ediapi\/wp\/v2\/users\/18"}],"replies":[{"embeddable":true,"href":"https:\/\/staging.ivg.it\/ediapi\/wp\/v2\/comments?post=470560"}],"version-history":[{"count":0,"href":"https:\/\/staging.ivg.it\/ediapi\/wp\/v2\/posts\/470560\/revisions"}],"wp:attachment":[{"href":"https:\/\/staging.ivg.it\/ediapi\/wp\/v2\/media?parent=470560"}],"wp:term":[{"taxonomy":"category","embeddable":true,"href":"https:\/\/staging.ivg.it\/ediapi\/wp\/v2\/categories?post=470560"},{"taxonomy":"post_tag","embeddable":true,"href":"https:\/\/staging.ivg.it\/ediapi\/wp\/v2\/tags?post=470560"}],"curies":[{"name":"wp","href":"https:\/\/api.w.org\/{rel}","templated":true}]}}