{"id":470125,"date":"2019-06-21T10:05:28","date_gmt":"2019-06-21T08:05:28","guid":{"rendered":"http:\/\/www.ivg.it\/?p=470125"},"modified":"2019-06-21T10:05:28","modified_gmt":"2019-06-21T08:05:28","slug":"troppi-tumori-in-valbormida-aprire-un-reparto-di-oncologia-a-cairo-la-proposta-dei-cobas","status":"publish","type":"post","link":"https:\/\/staging.ivg.it\/2019\/06\/troppi-tumori-in-valbormida-aprire-un-reparto-di-oncologia-a-cairo-la-proposta-dei-cobas\/","title":{"rendered":"Troppi tumori in Valbormida, aprire un reparto di oncologia a Cairo: la proposta dei Cobas"},"content":{"rendered":"<p>Il recente convegno sui tumori in Valbormida, con dati spaventosi relativi all&#8217;apparato digestivo e alle leucemie rispetto al resto della Liguria, necessita di risposte di elevato livello, in particolare nel sistema sanitario valbormidese.<\/p>\n<p>La proposta Cobas \u00e8 costruire un moderno e funzionale reparto di oncologia all&#8217;ospedale di Cairo Montenotte. Questo \u00e8 un modo per sviluppare la sanit\u00e0 pubblica e rispondere con robustezza ai dati spaventosi emersi al convegno di Cairo.<\/p>\n<p>Prevenzione e cura dei tumori maligni, centralit\u00e0 del problema cancro nella sanit\u00e0 valbormidese. La parola d&#8217;ordine \u00e8 cambiare dopo cent&#8217;anni di veleno, cent&#8217;anni di tumori, cent&#8217;anni di selvaggio capitalismo.<\/p>\n<p style=\"text-align: right;\"><strong>Confederazione Cobas Valbormida<br \/>\nFranco Xibilia<\/strong><\/p>\n","protected":false},"excerpt":{"rendered":"<p>Xibilia: &#8220;Questo \u00e8 un modo per sviluppare la sanit\u00e0 pubblica e rispondere con robustezza ai dati spaventosi emersi al convegno di Cairo&#8221;<\/p>\n","protected":false},"author":2394,"featured_media":0,"comment_status":"open","ping_status":"closed","sticky":false,"template":"","format":"standard","meta":{"footnotes":""},"categories":[120],"tags":[3606,18545],"class_list":["post-470125","post","type-post","status-publish","format-standard","hentry","category-lettere","tag-oncologia","tag-tumori","post_cat_citta-cairo-montenotte"],"amp_validity":null,"amp_enabled":true,"_links":{"self":[{"href":"https:\/\/staging.ivg.it\/ediapi\/wp\/v2\/posts\/470125","targetHints":{"allow":["GET"]}}],"collection":[{"href":"https:\/\/staging.ivg.it\/ediapi\/wp\/v2\/posts"}],"about":[{"href":"https:\/\/staging.ivg.it\/ediapi\/wp\/v2\/types\/post"}],"author":[{"embeddable":true,"href":"https:\/\/staging.ivg.it\/ediapi\/wp\/v2\/users\/2394"}],"replies":[{"embeddable":true,"href":"https:\/\/staging.ivg.it\/ediapi\/wp\/v2\/comments?post=470125"}],"version-history":[{"count":0,"href":"https:\/\/staging.ivg.it\/ediapi\/wp\/v2\/posts\/470125\/revisions"}],"wp:attachment":[{"href":"https:\/\/staging.ivg.it\/ediapi\/wp\/v2\/media?parent=470125"}],"wp:term":[{"taxonomy":"category","embeddable":true,"href":"https:\/\/staging.ivg.it\/ediapi\/wp\/v2\/categories?post=470125"},{"taxonomy":"post_tag","embeddable":true,"href":"https:\/\/staging.ivg.it\/ediapi\/wp\/v2\/tags?post=470125"}],"curies":[{"name":"wp","href":"https:\/\/api.w.org\/{rel}","templated":true}]}}