{"id":470109,"date":"2019-06-20T18:43:58","date_gmt":"2019-06-20T16:43:58","guid":{"rendered":"http:\/\/www.ivg.it\/?p=470109"},"modified":"2019-06-20T18:54:17","modified_gmt":"2019-06-20T16:54:17","slug":"pietra-ligure-nuovo-comandante-dei-carabinieri-de-vincenzi-massima-collaborazione-per-lordine-e-la-sicurezza-della-nostra-comunita","status":"publish","type":"post","link":"https:\/\/staging.ivg.it\/2019\/06\/pietra-ligure-nuovo-comandante-dei-carabinieri-de-vincenzi-massima-collaborazione-per-lordine-e-la-sicurezza-della-nostra-comunita\/","title":{"rendered":"Pietra Ligure, nuovo comandante dei carabinieri. De Vincenzi: &#8220;Massima collaborazione per l&#8217;ordine e la sicurezza della nostra comunit\u00e0&#8221;"},"content":{"rendered":"<p><strong>Pietra Ligure.<\/strong> Il benvenuto di tutta l\u2019amministrazione e dell\u2019intera comunit\u00e0 pietrese al nuovo comandante della Stazione dei Carabinieri di Pietra Ligure Maresciallo Maggiore Sabato Palmigiano.<\/p>\n<p>&#8220;Insieme al Vice Sindaco Daniele Rembado, alla Presidente del Consiglio comunale Michela Vignone e al Parroco della Basilica di San Nicol\u00f2 Don Giancarlo Cuneo abbiamo avuto il piacere di ricevere il Maggiore Sergio Pizziconi, Comandante della Compagnia dei Carabinieri di Albenga, che ha accompagnato e presentato il Maresciallo Maggiore Sabato Palmigiano&#8221; afferma il Sindaco Luigi De Vincenzi.<\/p>\n<p>In Liguria dal 1990, prima presso la Stazione di Ceriale e in seguito presso l\u2019Aliquota operativa e radiomobile della Compagnia di Albenga ed entrato ufficialmente in carica come comandante della Stazione pietrese il 23 maggio scorso, il Maresciallo Maggiore Palmigiano presta servizio nel territorio pietrese ormai da molti anni e ne conosce perfettamente le caratteristiche e le dinamiche sociali. &#8220;Gi\u00e0 sottoufficiale in sottordine nella caserma del nostro Comune, la  sua nomina a comandante rappresenta una scelta di continuit\u00e0 e la sua competenza e professionalit\u00e0 sono garanzia per il raggiungimento dei comuni obiettivi di ordine e sicurezza&#8221;.<\/p>\n<p>&#8220;Al nuovo comandante auguriamo un proficuo lavoro a tutela della collettivit\u00e0, assicurandogli la massima disponibilit\u00e0 dell&#8217;amministrazione nell&#8217;ottica di una sempre pi\u00f9 proficua collaborazione tra il Comune e l&#8217;Arma dei Carabinieri&#8221; conclude il primo cittadino pietrese.<\/p>\n","protected":false},"excerpt":{"rendered":"<p>I saluti istituzionali al Maresciallo Maggiore Sabato Palmigiano, incontro in Comune<\/p>\n","protected":false},"author":4,"featured_media":0,"comment_status":"open","ping_status":"closed","sticky":false,"template":"","format":"standard","meta":{"footnotes":""},"categories":[45296,34,31],"tags":[228,86957,91916],"class_list":["post-470109","post","type-post","status-publish","format-standard","hentry","category-copertina","category-cronaca","category-politica","tag-carabinieri","tag-carabinieri-pietra-ligure","tag-comune-pietra","post_cat_citta-pietra-ligure","post_tag_personaggi-luigi-de-vincenzi","post_tag_personaggi-sabato-palmigiano"],"amp_validity":null,"amp_enabled":true,"_links":{"self":[{"href":"https:\/\/staging.ivg.it\/ediapi\/wp\/v2\/posts\/470109","targetHints":{"allow":["GET"]}}],"collection":[{"href":"https:\/\/staging.ivg.it\/ediapi\/wp\/v2\/posts"}],"about":[{"href":"https:\/\/staging.ivg.it\/ediapi\/wp\/v2\/types\/post"}],"author":[{"embeddable":true,"href":"https:\/\/staging.ivg.it\/ediapi\/wp\/v2\/users\/4"}],"replies":[{"embeddable":true,"href":"https:\/\/staging.ivg.it\/ediapi\/wp\/v2\/comments?post=470109"}],"version-history":[{"count":0,"href":"https:\/\/staging.ivg.it\/ediapi\/wp\/v2\/posts\/470109\/revisions"}],"wp:attachment":[{"href":"https:\/\/staging.ivg.it\/ediapi\/wp\/v2\/media?parent=470109"}],"wp:term":[{"taxonomy":"category","embeddable":true,"href":"https:\/\/staging.ivg.it\/ediapi\/wp\/v2\/categories?post=470109"},{"taxonomy":"post_tag","embeddable":true,"href":"https:\/\/staging.ivg.it\/ediapi\/wp\/v2\/tags?post=470109"}],"curies":[{"name":"wp","href":"https:\/\/api.w.org\/{rel}","templated":true}]}}