{"id":470016,"date":"2019-06-19T19:06:10","date_gmt":"2019-06-19T17:06:10","guid":{"rendered":"http:\/\/www.ivg.it\/?p=470016"},"modified":"2019-06-19T19:06:38","modified_gmt":"2019-06-19T17:06:38","slug":"cairese-una-conferma-per-reparto","status":"publish","type":"post","link":"https:\/\/staging.ivg.it\/2019\/06\/cairese-una-conferma-per-reparto\/","title":{"rendered":"Cairese: una conferma per reparto"},"content":{"rendered":"<p class=\"v1MsoNormal\"><strong>Cairo Montenotte.<\/strong> Arrivano le prime conferme anche per i giocatori in casa Cairese.<\/p>\n<p class=\"v1MsoNormal\">Continuer\u00e0 a difendere la porta valbormidese\u00a0<b>Alberto Moraglio<\/b>, portiere di grande personalit\u00e0, seriet\u00e0 e carisma. Per lui seconda stagione a Cairo Montenotte, cos\u00ec come per il centrale difensivo\u00a0<b>Luca Doffo<\/b>, una delle grandi garanzie dello scorso campionato.<\/p>\n<p class=\"v1MsoNormal\">Sar\u00e0 terzo anno in giallobl\u00f9 invece per il centrocampista\u00a0<b>Matteo Piana<\/b>\u00a0che, grazie alla sua determinazione e grinta, \u00e8 diventato uno dei punti di riferimento della squadra di mister Solari, dalla vittoria del campionato di Promozione al terzo posto in Eccellenza nella passata stagione, indossando in alcune occasioni anche la fascia da capitano.<\/p>\n<p class=\"v1MsoNormal\">Per quanto riguarda l&#8217;attacco, i tifosi cairesi continueranno a godere delle incursione sulle fasce di\u00a0<b>Leonardo Pastorino<\/b>, esterno veloce e tecnico che da titolare o da subentrato si \u00e8 rivelato giocatore molto prezioso alla causa giallobl\u00f9.<\/p>\n","protected":false},"excerpt":{"rendered":"<p>Alberto Moraglio,\u00a0Luca Doffo,\u00a0Matteo Piana\u00a0e Leonardo Pastorino indosseranno ancora la maglia giallobl\u00f9<\/p>\n","protected":false},"author":18,"featured_media":0,"comment_status":"open","ping_status":"closed","sticky":false,"template":"","format":"standard","meta":{"footnotes":""},"categories":[45296,182,32],"tags":[92941,85989,569],"class_list":["post-470016","post","type-post","status-publish","format-standard","hentry","category-copertina","category-calcio","category-sport","tag-asd-cairese-1919","tag-calcio","tag-eccellenza","post_cat_citta-cairo-montenotte","post_tag_personaggi-alberto-moraglio","post_tag_personaggi-leonardo-pastorino","post_tag_personaggi-luca-doffo","post_tag_personaggi-matteo-piana"],"amp_validity":null,"amp_enabled":true,"_links":{"self":[{"href":"https:\/\/staging.ivg.it\/ediapi\/wp\/v2\/posts\/470016","targetHints":{"allow":["GET"]}}],"collection":[{"href":"https:\/\/staging.ivg.it\/ediapi\/wp\/v2\/posts"}],"about":[{"href":"https:\/\/staging.ivg.it\/ediapi\/wp\/v2\/types\/post"}],"author":[{"embeddable":true,"href":"https:\/\/staging.ivg.it\/ediapi\/wp\/v2\/users\/18"}],"replies":[{"embeddable":true,"href":"https:\/\/staging.ivg.it\/ediapi\/wp\/v2\/comments?post=470016"}],"version-history":[{"count":0,"href":"https:\/\/staging.ivg.it\/ediapi\/wp\/v2\/posts\/470016\/revisions"}],"wp:attachment":[{"href":"https:\/\/staging.ivg.it\/ediapi\/wp\/v2\/media?parent=470016"}],"wp:term":[{"taxonomy":"category","embeddable":true,"href":"https:\/\/staging.ivg.it\/ediapi\/wp\/v2\/categories?post=470016"},{"taxonomy":"post_tag","embeddable":true,"href":"https:\/\/staging.ivg.it\/ediapi\/wp\/v2\/tags?post=470016"}],"curies":[{"name":"wp","href":"https:\/\/api.w.org\/{rel}","templated":true}]}}