{"id":469815,"date":"2019-06-17T20:18:45","date_gmt":"2019-06-17T18:18:45","guid":{"rendered":"http:\/\/www.ivg.it\/?p=469815"},"modified":"2019-06-17T20:20:48","modified_gmt":"2019-06-17T18:20:48","slug":"idea-sport-protagonista-nel-campionato-regionale-a-squadre-argento-nella-categoria-ragazzi","status":"publish","type":"post","link":"https:\/\/staging.ivg.it\/2019\/06\/idea-sport-protagonista-nel-campionato-regionale-a-squadre-argento-nella-categoria-ragazzi\/","title":{"rendered":"Idea Sport protagonista nel campionato regionale a squadre: argento nella categoria Ragazzi"},"content":{"rendered":"<p><strong>Albenga.<\/strong> Dopo gli importanti risultati che ne stanno caratterizzando la stagione agonistica ai vari livelli e categorie, sia in ambito regionale che nazionale, i giovani atleti dell&#8217;<strong>Idea Sport<\/strong> di Albenga si sono resi protagonisti anche nel <strong>campionato regionale a squadre in vasca lunga<\/strong> che lo scorso weekend ha avuto luogo, come da tradizione, presso l&#8217;impianto natatorio della citt\u00e0 di <strong>Rapallo<\/strong>.<\/p>\n<p>Anche in tale contesto, che ha visto presenti le squadre pi\u00f9 importanti e blasonate del panorama natatorio ligure, i giovani nuotatori della societ\u00e0 ingauna sono entrati in acqua pi\u00f9 agguerriti che mai, rendendosi protagonisti di <strong>brillanti prestazioni individuali<\/strong> finalizzate alla conquista punti per la graduatoria di societ\u00e0, con <strong>due atleti (Gabriele Mirotta e Ruben Cacciamani) che hanno anche realizzato il tempo per il campionati italiani<\/strong> che avranno luogo il prossimo mese di agosto a Roma, dando poi vita ad avvincenti ed impegnative staffette, sia maschili che femminili, che hanno letteralmente entusiasmato il pubblico presente sulle tribune.<\/p>\n<p><strong>La staffetta composta da Ruben Cacciamani, Gabriele Mirotta, Ludovico Romaniello ed Andrea Filadelli,<\/strong> fresco dei titoli iridati italiani nella 10 e nella 5 chilometri in acque libere, <strong>ha conquistato la medaglia d&#8217;oro nella 4&#215;200 stile libero Juniores maschile<\/strong> al termine di una gara al cardiopalma, conquistando invece la <strong>medaglia di bronzo nella 4&#215;100 stile libero riservata sempre alla categoria Juniores.<\/strong><\/p>\n<p>Non da meno sono state le ragazze con la <strong>medaglia d&#8217;oro conquistata nella 4&#215;100 stile libero, categoria Cadette, dalla staffetta composta dalle atlete Giulia D&#8217;Alessandro, Martina Canova, Anna Filadelli e Martina Guarisco<\/strong>, che hanno tenuto la testa della gara sin dalla prima frazione senza mai mollare un metro alle avversarie, ma anzi incrementando il loro vantaggio. Terzo gradino del podio e quindi <strong>medaglia di bronzo conquistata nella 4&#215;100 misti, categoria Ragazzi femminili, dalle atlete Ambra Ottonello, Emma Balbis, Amelia Celiberti e Valentina Valle.<\/strong><\/p>\n<p>La somma dei punteggi delle prestazioni dei singoli atleti, cui si sono aggiunte quelle delle staffette, ha permesso alla societ\u00e0 <strong>Idea Sport<\/strong> di guadagnarsi la <strong>medaglia d&#8217;argento nel campionato regionale a squadre, categoria Ragazzi,<\/strong> nonostante un vivaio di atleti pi\u00f9 contenuto rispetto ad altre realt\u00e0 della Liguria, confermandola scuola di assoluta eccellenza nel panorama natatorio regionale.<\/p>\n<p>Soddisfatto l&#8217;allenatore <strong>Renato Marchelli,<\/strong> emblema di passione e competenza, il quale ha sottolineato come tale risultato sia ancora pi\u00f9 importante in assenza di allenamenti in vasca lunga, invitando i suoi giovani atleti a continuare a lavorare con impegno, credendo nei loro mezzi, in vista dei prossimi impegni stagionali gi\u00e0 a partire da quello di fine giugno presso l&#8217;impianto genovese della Sciorba, dove avr\u00e0 luogo il Memorial Morena.<\/p>\n","protected":false},"excerpt":{"rendered":"<p>Cascata di medaglie nelle staffette maschili e femminili<\/p>\n","protected":false},"author":18,"featured_media":0,"comment_status":"open","ping_status":"closed","sticky":false,"template":"","format":"standard","meta":{"footnotes":""},"categories":[45296,32,47714],"tags":[47404,100533],"class_list":["post-469815","post","type-post","status-publish","format-standard","hentry","category-copertina","category-sport","category-pallanuoto-sport","tag-idea-sport","tag-nuoto-giovanile","post_cat_citta-albenga"],"amp_validity":null,"amp_enabled":true,"_links":{"self":[{"href":"https:\/\/staging.ivg.it\/ediapi\/wp\/v2\/posts\/469815","targetHints":{"allow":["GET"]}}],"collection":[{"href":"https:\/\/staging.ivg.it\/ediapi\/wp\/v2\/posts"}],"about":[{"href":"https:\/\/staging.ivg.it\/ediapi\/wp\/v2\/types\/post"}],"author":[{"embeddable":true,"href":"https:\/\/staging.ivg.it\/ediapi\/wp\/v2\/users\/18"}],"replies":[{"embeddable":true,"href":"https:\/\/staging.ivg.it\/ediapi\/wp\/v2\/comments?post=469815"}],"version-history":[{"count":0,"href":"https:\/\/staging.ivg.it\/ediapi\/wp\/v2\/posts\/469815\/revisions"}],"wp:attachment":[{"href":"https:\/\/staging.ivg.it\/ediapi\/wp\/v2\/media?parent=469815"}],"wp:term":[{"taxonomy":"category","embeddable":true,"href":"https:\/\/staging.ivg.it\/ediapi\/wp\/v2\/categories?post=469815"},{"taxonomy":"post_tag","embeddable":true,"href":"https:\/\/staging.ivg.it\/ediapi\/wp\/v2\/tags?post=469815"}],"curies":[{"name":"wp","href":"https:\/\/api.w.org\/{rel}","templated":true}]}}