{"id":46953,"date":"2009-01-15T14:55:55","date_gmt":"2009-01-15T13:55:55","guid":{"rendered":"http:\/\/www.ivg.it\/2009\/01\/15\/cicciolin-dara-il-via-al-carnevale-savonese\/"},"modified":"2009-01-16T10:59:33","modified_gmt":"2009-01-16T09:59:33","slug":"cicciolin-dara-il-via-al-carnevale-savonese","status":"publish","type":"post","link":"https:\/\/staging.ivg.it\/2009\/01\/cicciolin-dara-il-via-al-carnevale-savonese\/","title":{"rendered":"Cicciolin dar\u00e0 il via al carnevale savonese"},"content":{"rendered":"<p><strong>[thumb:10245:l]Savona. <\/strong>Il carnevale savonese prender\u00e0 il via sabato 17 gennaio, quando Cicciolin giunger\u00e0 dal mare per andare poi in Comune a ricevere le chiavi della citt\u00e0 dalle mani del sindaco Berruti. Lo &#8220;sbarco&#8221; della maschera, nata dalla fantasia del pittore Romeo Bevilacqua nel 1953, \u00e8 previsto per le 17, nello scalo posto sotto la Torretta.<\/p>\n<p>Da qui partir\u00e0 un&#8217;allegra sfilata che, dopo aver attraversato le vie cittadine, giunger\u00e0 a Palazzo Sisto intorno alle 17,30, dove verr\u00e0 proclamato ufficialmente l&#8217;inizio del carnevale. Terminata la cerimonia in municipio, la &#8220;corte&#8221; di Cicciolin far\u00e0 visita ai commercianti del centro, per poi ritrovarsi infine alle 19 dalla Campanassa.<\/p>\n","protected":false},"excerpt":{"rendered":"<p>[thumb:10245:l]Savona. Il carnevale savonese prender\u00e0 il via sabato 17 gennaio, quando Cicciolin giunger\u00e0 dal mare per andare poi in Comune a ricevere le chiavi della citt\u00e0 dalle mani del sindaco Berruti. Lo &#8220;sbarco&#8221; della maschera, nata dalla fantasia del pittore Romeo Bevilacqua nel 1953, \u00e8 previsto per le 17, nello scalo posto sotto la Torretta. [&hellip;]<\/p>\n","protected":false},"author":13744,"featured_media":0,"comment_status":"open","ping_status":"closed","sticky":false,"template":"","format":"standard","meta":{"footnotes":""},"categories":[],"tags":[5845,5847,5846,85850],"class_list":["post-46953","post","type-post","status-publish","format-standard","hentry","tag-carnevale","tag-cicciolin","tag-maschere","tag-savona","post_cat_citta-savona"],"amp_validity":null,"amp_enabled":true,"_links":{"self":[{"href":"https:\/\/staging.ivg.it\/ediapi\/wp\/v2\/posts\/46953","targetHints":{"allow":["GET"]}}],"collection":[{"href":"https:\/\/staging.ivg.it\/ediapi\/wp\/v2\/posts"}],"about":[{"href":"https:\/\/staging.ivg.it\/ediapi\/wp\/v2\/types\/post"}],"author":[{"embeddable":true,"href":"https:\/\/staging.ivg.it\/ediapi\/wp\/v2\/users\/13744"}],"replies":[{"embeddable":true,"href":"https:\/\/staging.ivg.it\/ediapi\/wp\/v2\/comments?post=46953"}],"version-history":[{"count":0,"href":"https:\/\/staging.ivg.it\/ediapi\/wp\/v2\/posts\/46953\/revisions"}],"wp:attachment":[{"href":"https:\/\/staging.ivg.it\/ediapi\/wp\/v2\/media?parent=46953"}],"wp:term":[{"taxonomy":"category","embeddable":true,"href":"https:\/\/staging.ivg.it\/ediapi\/wp\/v2\/categories?post=46953"},{"taxonomy":"post_tag","embeddable":true,"href":"https:\/\/staging.ivg.it\/ediapi\/wp\/v2\/tags?post=46953"}],"curies":[{"name":"wp","href":"https:\/\/api.w.org\/{rel}","templated":true}]}}