{"id":469453,"date":"2019-06-12T15:45:04","date_gmt":"2019-06-12T13:45:04","guid":{"rendered":"http:\/\/www.ivg.it\/?p=469453"},"modified":"2019-06-12T15:45:04","modified_gmt":"2019-06-12T13:45:04","slug":"villa-zanelli-rivela-il-grande-progetto","status":"publish","type":"post","link":"https:\/\/staging.ivg.it\/2019\/06\/villa-zanelli-rivela-il-grande-progetto\/","title":{"rendered":"Villa Zanelli rivela il grande progetto"},"content":{"rendered":"<p>&#8220;L&#8217;associazione culturale Italia Liberty assieme ad Arte Genova organizza una passeggiata Liberty esclusiva a villa Zanelli e altri edifici Art Nouveau a Savona. Mercoled\u00ec 19 giugno dalle 10:00 alle 13:00 apriranno i cancelli di villa Zanelli ubicata in via Nizza, massimo esempio di architettura Liberty italiana come si evince dalla pubblicazione &#8220;Savona Liberty. Villa Zanelli e altre architetture&#8221; (Risguardi 2014). Interverranno il Presidente di Arte Genova Girolamo Cotena e funzionari, Sindaco Ilaria Caprioglio e assessori comunali, un assessore della Regione Liguria, assieme il presidente dell&#8217;associazione Italia Liberty che presenter\u00e0 la manifestazione ART NOUVEAU WEEK, settimana mondiale dedicata alla ruggente corrente artistica di fine &#8216;800 primi &#8216;900 che si svolger\u00e0 dall&#8217;8 al 14 luglio 2019 nel mondo e il programma a ciclo continuo di mostre a restauro di villa Zanelli ultimato. Segue la passeggiata nel parco e dentro la villa con i ciceroni Massimo Bianco e Andrea Speziali. Quest&#8217;ultimo \u00e8 stato l&#8217;atomo che ha scatenato il caso sulla riqualificazione di villa Zanelli nel 2014 trovando un possibile acquirente e con la pubblicazione di una foto della villa in stile Urbex sulla pagina &#8220;The world Art Nouveau&#8221;. Il post \u00e8 stato virale al momento della pubblicazione traghettando l&#8217;immagine dello scempio di villa Zanelli su scala internazionale. Oltre 450mila visualizzazioni in pochi minuti, a oggi circa 900mila, altrettanti commenti negativi. La raccolta fondi aperta da Italia Liberty fu bloccata in seguito con la speranza di un recupero. Un&#8217;attesa durata sei anni prima di una soluzione. L&#8217;ultima possibilit\u00e0 di visitare la villa nel suo stato di abbandono \u00e8 per l&#8217;Art Nouveau Week nei giorni di gioved\u00ec 11, venerd\u00ec 12 e sabato 13 luglio. Prima dell&#8217;inizio cantiere. L&#8217;ingresso per tutte le date (19 giugno e dall&#8217;11 al 13 luglio) \u00e8 libero agli invitati, ai giornalisti che ne hanno fatto richiesta e tutti i soci dell&#8217;associazione Italia Liberty.&#8221;<\/p>\n<p>Questa breve nota \u00e8 stata inviata tramite e-mail a tutti e tutte coloro che ricevono la newsletter del sito di Italia Liberty. Ad ogni persona dovrebbero sorgere alcuni dubbi:<\/p>\n<p>a) il dottor Speziali, noto studioso di storia dell&#8217;arte, viene definito, se abbiamo ben capito, &#8220;l&#8217;atomo che ha scatenato il caso sulla riqualificazione di Villa Zanelli nel 2014 trovando un possibile acquirente&#8221;. Noi Verdi vorremmo in primo luogo sapere chi era, se abbiamo capito bene, questo possibile acquirente e perch\u00e9 solo ora, a a quanto ci risulta, se ne senta parlare?<\/p>\n<p>b) perch\u00e9 l&#8217;associazione Italia Liberty non sostiene pi\u00f9 l&#8217;ipotesi del museo del Liberty a Savona che, a memoria d&#8217;uomo, era stata promossa dal dottor Speziali e sostenuta, tra le altre e gli altri, dai Verdi e dalle forze civiche savonesi?<\/p>\n<p>c) perch\u00e9 non si ricorda lo sforzo di Verdi e Noi per Savona a sostegno di questa ipotesi che vide pure una manifestazione in spiaggia a cui partecip\u00f2 pure il signor Massimo Bianco, citato nel testo sopra riportato?<\/p>\n<p>d) Perche&#8217; si parla di &#8220;inizio cantiere&#8221; quando non \u00e8 ancora stato totalmente definito il percorso di recupero o almeno il progetto del Comune e della Regione ha suscitato tante e tali critiche da dover essere quanto meno sottoposto ad attenta verifica?<\/p>\n<p>e) perch\u00e9 la visita sar\u00e0 &#8220;libera&#8221; ma solo per &#8220;invitati, giornalisti accreditati e soci di Italia Liberty&#8221; mentre forse cittadine e cittadini dovranno rimanere solo all&#8217;esterno dei cancelli?<\/p>\n<p>f) le condizioni di sicurezza permetteranno un tranquillo accesso per cui vorremmo conoscere quali condizioni o interventi provvisori siano stati assunti in tal senso se necessari?<\/p>\n<p>g) infine quanto coster\u00e0 tutto l&#8217;insieme di queste manifestazioni e\/o aperture?<\/p>\n<p>Noi Verdi speriamo solo che la Regione Liguria e il Comune di Savona abbiano cambiato idea e vogliano dare origine al Museo del Liberty e non ad una struttura privata e uno minimo spazio espositivo dedicato &#8220;ad asciugamani e costumi da bagno&#8221; o meglio all'&#8221;estate savonese&#8221;.<\/p>\n<p><em>Danilo Bruno<\/em><\/p>\n","protected":false},"excerpt":{"rendered":"<p>Il gioiello Liberty apre al pubblico la mattina del 19 giugno<\/p>\n","protected":false},"author":11510,"featured_media":0,"comment_status":"open","ping_status":"closed","sticky":false,"template":"","format":"standard","meta":{"footnotes":""},"categories":[120],"tags":[6147],"class_list":["post-469453","post","type-post","status-publish","format-standard","hentry","category-lettere","tag-villa-zanelli","post_cat_citta-savona","post_tag_personaggi-danilo-bruno"],"amp_validity":null,"amp_enabled":true,"_links":{"self":[{"href":"https:\/\/staging.ivg.it\/ediapi\/wp\/v2\/posts\/469453","targetHints":{"allow":["GET"]}}],"collection":[{"href":"https:\/\/staging.ivg.it\/ediapi\/wp\/v2\/posts"}],"about":[{"href":"https:\/\/staging.ivg.it\/ediapi\/wp\/v2\/types\/post"}],"author":[{"embeddable":true,"href":"https:\/\/staging.ivg.it\/ediapi\/wp\/v2\/users\/11510"}],"replies":[{"embeddable":true,"href":"https:\/\/staging.ivg.it\/ediapi\/wp\/v2\/comments?post=469453"}],"version-history":[{"count":0,"href":"https:\/\/staging.ivg.it\/ediapi\/wp\/v2\/posts\/469453\/revisions"}],"wp:attachment":[{"href":"https:\/\/staging.ivg.it\/ediapi\/wp\/v2\/media?parent=469453"}],"wp:term":[{"taxonomy":"category","embeddable":true,"href":"https:\/\/staging.ivg.it\/ediapi\/wp\/v2\/categories?post=469453"},{"taxonomy":"post_tag","embeddable":true,"href":"https:\/\/staging.ivg.it\/ediapi\/wp\/v2\/tags?post=469453"}],"curies":[{"name":"wp","href":"https:\/\/api.w.org\/{rel}","templated":true}]}}