{"id":469439,"date":"2019-06-12T14:01:20","date_gmt":"2019-06-12T12:01:20","guid":{"rendered":"http:\/\/www.ivg.it\/?p=469439"},"modified":"2019-06-12T14:01:20","modified_gmt":"2019-06-12T12:01:20","slug":"articolo-uno-massima-solidarieta-umana-e-politica-ai-metalmeccanici","status":"publish","type":"post","link":"https:\/\/staging.ivg.it\/2019\/06\/articolo-uno-massima-solidarieta-umana-e-politica-ai-metalmeccanici\/","title":{"rendered":"Articolo Uno: &#8220;Massima solidariet\u00e0 umana e politica ai metalmeccanici&#8221;"},"content":{"rendered":"<p>Articolo uno-Savona esprime la massima solidariet\u00e0 umana e politica ai metalmeccanici che per venerd\u00ec 14 Giugno hanno dichiarato lo sciopero generale.<\/p>\n<p>La decisione di scioperare e di scendere in piazza il 14 giugno a Milano, Firenze e Napoli \u00e8 determinata dalla sempre maggiore incertezza sul futuro vista la contrazione della produzione industriale, la perdita di valore del lavoro, l&#8217;aumento degli infortuni e dei morti sul lavoro.<\/p>\n<p>Il governo e le imprese non possono scaricare sui lavoratori la nuova crisi che stiamo vivendo: per affrontare la situazione sono necessari investimenti pubblici e privati per l&#8217;innovazione, le competenze, l&#8217;ecosostenibilit\u00e0, l&#8217;occupazione, la prevenzione e la salvaguardia di salute e sicurezza.<\/p>\n<p>La crisi del settore \u00e8 drammatica anche nella nostra provincia, basta citare il caso della Piaggio e della Bombardier, per questo una delegazione del nostro partito sar\u00e0 presente a Milano in una delle tre manifestazioni nazionali, non possiamo lasciare soli i lavoratori in questa dura battaglia.<\/p>\n<p>Per articolo uno Savona e chiaro che non si esce dal populismo senza riconquistare la fiducia del popolo. E per la sinistra, anche per rendere meno ambiguo questo concetto di popolo, il punto di partenza non pu\u00f2 che essere il lavoro. In fondo la forza dei grandi partiti fu proprio quella di garantire una connessione tra \u00e9lite e masse popolari o per usare un\u2019espressione gramsciana tra \u201cintellettuali e semplici\u201d. Se lo scenario rimane quello di uno scontro tra il popolo e la \u201ccasta dei privilegiati\u201d non c\u2019\u00e8 spazio per la sinistra e pi\u00f9 ci si allea con i moderati pi\u00f9 si diventa bersaglio del populismo e del qualunquismo.<\/p>\n<p>La scelta del nome del nostro partito, Articolo uno, \u00e8 per evidenziare fin da subito quale \u00e8 argomento che mettiamo al centro della nostra attivit\u00e0 politica, il lavoro.<\/p>\n<p style=\"text-align: right;\"><em>Simone Anselmo<\/em><br \/>\n<em>Coordinatore Provinciale Art. Uno<\/em><\/p>\n<p style=\"text-align: right;\"><em>Bruno Larice<\/em><br \/>\n<em>Responsabile lavoro Art.uno<\/em><\/p>\n","protected":false},"excerpt":{"rendered":"<p>di Simone Anselmo e Bruno Larice<\/p>\n","protected":false},"author":12120,"featured_media":0,"comment_status":"open","ping_status":"closed","sticky":false,"template":"","format":"standard","meta":{"footnotes":""},"categories":[35,120,31],"tags":[106634],"class_list":["post-469439","post","type-post","status-publish","format-standard","hentry","category-economia","category-lettere","category-politica","tag-articolo-uno","post_cat_citta-savona","post_tag_personaggi-bruno-larice","post_tag_personaggi-simone-anselmo"],"amp_validity":null,"amp_enabled":true,"_links":{"self":[{"href":"https:\/\/staging.ivg.it\/ediapi\/wp\/v2\/posts\/469439","targetHints":{"allow":["GET"]}}],"collection":[{"href":"https:\/\/staging.ivg.it\/ediapi\/wp\/v2\/posts"}],"about":[{"href":"https:\/\/staging.ivg.it\/ediapi\/wp\/v2\/types\/post"}],"author":[{"embeddable":true,"href":"https:\/\/staging.ivg.it\/ediapi\/wp\/v2\/users\/12120"}],"replies":[{"embeddable":true,"href":"https:\/\/staging.ivg.it\/ediapi\/wp\/v2\/comments?post=469439"}],"version-history":[{"count":0,"href":"https:\/\/staging.ivg.it\/ediapi\/wp\/v2\/posts\/469439\/revisions"}],"wp:attachment":[{"href":"https:\/\/staging.ivg.it\/ediapi\/wp\/v2\/media?parent=469439"}],"wp:term":[{"taxonomy":"category","embeddable":true,"href":"https:\/\/staging.ivg.it\/ediapi\/wp\/v2\/categories?post=469439"},{"taxonomy":"post_tag","embeddable":true,"href":"https:\/\/staging.ivg.it\/ediapi\/wp\/v2\/tags?post=469439"}],"curies":[{"name":"wp","href":"https:\/\/api.w.org\/{rel}","templated":true}]}}