{"id":469433,"date":"2019-06-12T13:23:58","date_gmt":"2019-06-12T11:23:58","guid":{"rendered":"http:\/\/www.ivg.it\/?p=469433"},"modified":"2019-06-12T13:29:23","modified_gmt":"2019-06-12T11:29:23","slug":"cairo-25-torneo-internazionale-e-8-trofeo-giacomo-comparato-ecco-date-e-categorie","status":"publish","type":"post","link":"https:\/\/staging.ivg.it\/2019\/06\/cairo-25-torneo-internazionale-e-8-trofeo-giacomo-comparato-ecco-date-e-categorie\/","title":{"rendered":"Cairo: 25\u00b0 Torneo Internazionale e 8\u00b0 Trofeo Giacomo Comparato, ecco date e categorie"},"content":{"rendered":"<p><strong>Cairo Montenotte.<\/strong> \u00c8 passato poco pi\u00f9 di un mese dal termine della 24\u00b0 Torneo Internazionale Citt\u00e0 di Cairo Montenotte,\u00a01\u00b0 Memorial Carlo Pizzorno, ma lo staff dell&#8217;Asd Cairese 1919 \u00e8 gi\u00e0 al lavoro per la realizzazione della prossima edizione. La manifestazione si terr\u00e0 da\u00a0<b>gioved\u00ec 30 aprile a domenica 3 maggio 2020<\/b>\u00a0e sar\u00e0 riservata alla\u00a0<b>categoria Giovanissimi Fascia B leva 2006<\/b>.<\/p>\n<p>&#8220;Ci auguriamo lo stesso successo di quest&#8217;anno &#8211; dichiara il direttore generale Franz Laoretti -. Noi cercheremo di migliorarci sempre di pi\u00f9, rendendo il Torneo Internazionale ancora pi\u00f9 prestigioso e ricco di novit\u00e0. Possiamo contare su un&#8217;efficiente macchina organizzativa che negli anni ci ha permesso di ricevere numerosi complimenti anche da societ\u00e0 professionistiche, siamo sicuri che anche la 25<sup>a\u00a0<\/sup>edizione riscuoter\u00e0 grande interesse e riuscir\u00e0 a portare a Cairo i migliori club del mondo&#8221;.<\/p>\n<p>Cairese, dunque, all&#8217;opera per la prossima stagione, ma non solo per quanto riguarda il Torneo Internazionale. Ad aprire l&#8217;anno calcistico giallobl\u00f9, infatti, sar\u00e0 un altro importante evento: l&#8217;<b>8\u00b0 Trofeo Giacomo<\/b>\u00a0<b>Comparato<\/b>\u00a0programmato il weekend del\u00a0<b>7 e 8 settembre 2019<\/b>. Anche in questo caso la Cairese pensa in grande: 24 le squadre della\u00a0<b>categoria Esordienti 2007<\/b>\u00a0che parteciperanno alla manifestazione, numerose le\u00a0<b>societ\u00e0 professionistiche invitate<\/b>, tra cui\u00a0<b>Juventus, Torino, Genoa e Sampdoria<\/b>.<\/p>\n","protected":false},"excerpt":{"rendered":"<p>Saranno dedicati rispettivamente a Giovanissimi Fascia B leva 2006 ed Esordienti 2007<\/p>\n","protected":false},"author":18,"featured_media":0,"comment_status":"open","ping_status":"closed","sticky":false,"template":"","format":"standard","meta":{"footnotes":""},"categories":[45296,182,32],"tags":[85989,40673,67584],"class_list":["post-469433","post","type-post","status-publish","format-standard","hentry","category-copertina","category-calcio","category-sport","tag-calcio","tag-torneo-internazionale-citta-di-cairo-montenotte","tag-trofeo-giacomo-comparato","post_cat_citta-cairo-montenotte","post_tag_personaggi-franz-laoretti"],"amp_validity":null,"amp_enabled":true,"_links":{"self":[{"href":"https:\/\/staging.ivg.it\/ediapi\/wp\/v2\/posts\/469433","targetHints":{"allow":["GET"]}}],"collection":[{"href":"https:\/\/staging.ivg.it\/ediapi\/wp\/v2\/posts"}],"about":[{"href":"https:\/\/staging.ivg.it\/ediapi\/wp\/v2\/types\/post"}],"author":[{"embeddable":true,"href":"https:\/\/staging.ivg.it\/ediapi\/wp\/v2\/users\/18"}],"replies":[{"embeddable":true,"href":"https:\/\/staging.ivg.it\/ediapi\/wp\/v2\/comments?post=469433"}],"version-history":[{"count":0,"href":"https:\/\/staging.ivg.it\/ediapi\/wp\/v2\/posts\/469433\/revisions"}],"wp:attachment":[{"href":"https:\/\/staging.ivg.it\/ediapi\/wp\/v2\/media?parent=469433"}],"wp:term":[{"taxonomy":"category","embeddable":true,"href":"https:\/\/staging.ivg.it\/ediapi\/wp\/v2\/categories?post=469433"},{"taxonomy":"post_tag","embeddable":true,"href":"https:\/\/staging.ivg.it\/ediapi\/wp\/v2\/tags?post=469433"}],"curies":[{"name":"wp","href":"https:\/\/api.w.org\/{rel}","templated":true}]}}