{"id":469371,"date":"2019-06-11T16:29:16","date_gmt":"2019-06-11T14:29:16","guid":{"rendered":"http:\/\/www.ivg.it\/?p=469371"},"modified":"2019-06-12T10:10:34","modified_gmt":"2019-06-12T08:10:34","slug":"lassociazione-culturale-italia-liberty-e-arte-genova-aprono-le-porte-di-villa-zanelli-a-savona","status":"publish","type":"post","link":"https:\/\/staging.ivg.it\/2019\/06\/lassociazione-culturale-italia-liberty-e-arte-genova-aprono-le-porte-di-villa-zanelli-a-savona\/","title":{"rendered":"L&#8217;associazione culturale &#8220;Italia Liberty&#8221; e Arte Genova aprono le porte di Villa Zanelli a Savona"},"content":{"rendered":"<p><strong>Savona<\/strong>. L&#8217;associazione culturale \u201cItalia Liberty\u201d assieme ad Arte Genova organizza una passeggiata Liberty esclusiva a villa Zanelli e altri edifici di art nouveau a Savona.<\/p>\n<p>Mercoled\u00ec 19 giugno dalle 10 alle 13 si apriranno i cancelli di villa Zanelli, massimo esempio di architettura Liberty italiana come si evince dalla pubblicazione &#8220;Savona Liberty. Villa Zanelli e altre architetture&#8221; (Risguardi 2014). Il programma vede un primo momento di presentazione ufficiale della manifestazione \u201cArt Nouveau Week\u201d e a seguire le visite in villa.\u00a0Interverranno presidente e soci fondatori di \u201cItalia Liberty\u201d, il presidente di Arte Genova Girolamo Cotena, il sindaco di Savona Ilaria Caprioglio e assessori comunali, l&#8217;assessore della Regione Liguria Marco Scajola.<\/p>\n<p>La manifestazione \u201cArt Nouveau Week\u201d, settimana mondiale dedicata alla ruggente corrente artistica di fine &#8216;800 primi &#8216;900 si svolger\u00e0 dall&#8217;8 al 14 luglio con un programma di 120 Liberty tour in tutta Italia tra percorsi e visite guidate, 150 dimore storiche aperte al pubblico e 7 grandi mostre allestite da varie associazioni in varie localit\u00e0. Una volta presentato il festival segue la passeggiata nel parco e dentro la villa con i ciceroni Massimo Bianco e Andrea Speziali.<\/p>\n<div class=\"single-img-content-container fullwidth-single shortcode standard\">\n    <div class=\"image_container\" style=\"text-align: center;\">\n        <picture class=\" lazyload\"><img loading=\"lazy\" class=\"lazy\" data-srcset=\"https:\/\/www.ivg.it\/photogallery_new\/images\/2019\/06\/vari-558510.jpg 1024w, https:\/\/www.ivg.it\/photogallery_new\/images\/2019\/06\/vari-558510.jpg 970w, https:\/\/www.ivg.it\/photogallery_new\/images\/2019\/06\/vari-558510.jpg 660w, https:\/\/www.ivg.it\/photogallery_new\/images\/2019\/06\/vari-558510.jpg 316w, https:\/\/www.ivg.it\/photogallery_new\/images\/2019\/06\/vari-558510.jpg 150w\"  data-src=\"https:\/\/www.ivg.it\/photogallery_new\/images\/2019\/06\/vari-558510.jpg\" alt=\"Villa Zanelli Savona\" \/><\/picture>\r\n\n    <\/div>\n    <\/div>\n\n<p>&#8220;Quest&#8217;ultimo &#8211; dicono da Italia Liberty &#8211; \u00e8 stato l&#8217;atomo che ha scatenato il caso sulla salvaguardia di villa Zanelli nel 2014 trovando un possibile acquirente e con la pubblicazione di una foto della villa in stile Urbex sulla pagina &#8216;The world Art Nouveau&#8217;. Il post \u00e8 stato virale al momento della pubblicazione traghettando l&#8217;immagine dello scempio di villa Zanelli su scala internazionale. Oltre 450 mila visualizzazioni in pochi minuti, a oggi circa 900mila, altrettanti commenti negativi. La raccolta fondi aperta da Italia Liberty fu bloccata in seguito con la speranza di un recupero. Oggi il sogno diventa realt\u00e0. L&#8217;ultima possibilit\u00e0 di visitare la villa nel suo stato di abbandono \u00e8 per la &#8216;Art Nouveau Week&#8217; nei giorni di gioved\u00ec 11, venerd\u00ec 12 e sabato 13 luglio. Prima dell&#8217;inizio cantiere\u201d.<\/p>\n<p>Gioved\u00ec 11 e venerd\u00ec 12 luglio dalle 15 alle 19 e sabato 14 dalle 9 alle 13 accesso libero agli invitati e tutti i soci dell&#8217;associazione \u201cItalia Liberty\u201d.<\/p>\n","protected":false},"excerpt":{"rendered":"<p>Mercoled\u00ec 19 giugno dalle 10 alle 13<\/p>\n","protected":false},"author":12120,"featured_media":0,"comment_status":"open","ping_status":"closed","sticky":false,"template":"","format":"standard","meta":{"footnotes":""},"categories":[45296,56],"tags":[107985,6147],"class_list":["post-469371","post","type-post","status-publish","format-standard","hentry","category-copertina","category-altre","tag-italia-liberty","tag-villa-zanelli","post_cat_citta-savona"],"amp_validity":null,"amp_enabled":true,"_links":{"self":[{"href":"https:\/\/staging.ivg.it\/ediapi\/wp\/v2\/posts\/469371","targetHints":{"allow":["GET"]}}],"collection":[{"href":"https:\/\/staging.ivg.it\/ediapi\/wp\/v2\/posts"}],"about":[{"href":"https:\/\/staging.ivg.it\/ediapi\/wp\/v2\/types\/post"}],"author":[{"embeddable":true,"href":"https:\/\/staging.ivg.it\/ediapi\/wp\/v2\/users\/12120"}],"replies":[{"embeddable":true,"href":"https:\/\/staging.ivg.it\/ediapi\/wp\/v2\/comments?post=469371"}],"version-history":[{"count":0,"href":"https:\/\/staging.ivg.it\/ediapi\/wp\/v2\/posts\/469371\/revisions"}],"wp:attachment":[{"href":"https:\/\/staging.ivg.it\/ediapi\/wp\/v2\/media?parent=469371"}],"wp:term":[{"taxonomy":"category","embeddable":true,"href":"https:\/\/staging.ivg.it\/ediapi\/wp\/v2\/categories?post=469371"},{"taxonomy":"post_tag","embeddable":true,"href":"https:\/\/staging.ivg.it\/ediapi\/wp\/v2\/tags?post=469371"}],"curies":[{"name":"wp","href":"https:\/\/api.w.org\/{rel}","templated":true}]}}