{"id":468812,"date":"2019-06-04T18:24:18","date_gmt":"2019-06-04T16:24:18","guid":{"rendered":"http:\/\/www.ivg.it\/?p=468812"},"modified":"2019-06-04T18:24:18","modified_gmt":"2019-06-04T16:24:18","slug":"isola-ecologica-ad-albenga-calleri-ribatte-tomatis-troppo-nervoso-dimentica-il-passato-e-risponde-con-bufale","status":"publish","type":"post","link":"https:\/\/staging.ivg.it\/2019\/06\/isola-ecologica-ad-albenga-calleri-ribatte-tomatis-troppo-nervoso-dimentica-il-passato-e-risponde-con-bufale\/","title":{"rendered":"Isola ecologica ad Albenga, Calleri ribatte: &#8220;Tomatis troppo nervoso, dimentica il passato e risponde con bufale&#8221;"},"content":{"rendered":"<p><strong>Albenga<\/strong>. Continua il botta e risposta tra Gerolamo Calleri e Riccardo Tomatis a proposito dell&#8217;iesola ecologica nei pressi dell&#8217;ospedale Santa Maria di Misericordia.<\/p>\n<p>Dopo il sopralluogo di Calleri ed il conseguente commento critico di Tomatis, ecco il candidato sindaco del centro-destra ribattere: \u201cRiccardo Tomatis \u00e8 un po\u2019 agitato. Ho effettuato un sopralluogo e ho detto la mia opinione sull\u2019isola ecologica nei pressi dell\u2019ospedale, che ritengo vada ricollocata in una zona pi\u00f9 idonea e funzionale. Ha reagito con nervosismo. Dice che io avrei ridotto la citt\u00e0 in condizioni inaccettabili: prima fake news, perch\u00e9 io non ho mai governato la citt\u00e0 (lui s\u00ec invece, e pure male). Quindi attacca l\u2019amministrazione Guarnieri (ma lo sa che siamo nel 2019 e non nel 2013?), ma si dimentica di avere in squadra con lui Vannucci, Boscaglia e Distilo, ovvero vice sindaco e assessori di quella giunta\u201d.<\/p>\n<p>\u201cDopo fa finta di dimenticare che si era tenuta una regolare gara, con contratto partito il 25 marzo 2013, e che la cattiva gestione \u00e8 stata tutta durante il suo mandato, nel quale n\u00e9 lui n\u00e9 i suoi compagni di viaggio non sono stati capaci di far rispettare i termini del contratto. Infine spaccia le solite bufale della sinistra sulla sanit\u00e0, gi\u00e0 ampiamente smentite, suo tormentone poich\u00e9 rimasto completamente a corto di argomenti e privo di asfalti elettorali vicino ai quali farsi fotografare\u201d.<\/p>\n<p>\u201cAncora una volta, #RiccardoStaiSereno. Il 9 giugno tutti a votare per cambiare Albenga\u201d.<\/p>\n","protected":false},"excerpt":{"rendered":"<p>&#8220;Il 9 giugno tutti a votare per cambiare Albenga&#8221;<\/p>\n","protected":false},"author":12120,"featured_media":0,"comment_status":"open","ping_status":"closed","sticky":false,"template":"","format":"standard","meta":{"footnotes":""},"categories":[31],"tags":[102707],"class_list":["post-468812","post","type-post","status-publish","format-standard","hentry","category-politica","tag-albenga-2019","post_cat_citta-albenga","post_tag_personaggi-gerolamo-calleri","post_tag_personaggi-riccardo-tomatis-2"],"amp_validity":null,"amp_enabled":true,"_links":{"self":[{"href":"https:\/\/staging.ivg.it\/ediapi\/wp\/v2\/posts\/468812","targetHints":{"allow":["GET"]}}],"collection":[{"href":"https:\/\/staging.ivg.it\/ediapi\/wp\/v2\/posts"}],"about":[{"href":"https:\/\/staging.ivg.it\/ediapi\/wp\/v2\/types\/post"}],"author":[{"embeddable":true,"href":"https:\/\/staging.ivg.it\/ediapi\/wp\/v2\/users\/12120"}],"replies":[{"embeddable":true,"href":"https:\/\/staging.ivg.it\/ediapi\/wp\/v2\/comments?post=468812"}],"version-history":[{"count":0,"href":"https:\/\/staging.ivg.it\/ediapi\/wp\/v2\/posts\/468812\/revisions"}],"wp:attachment":[{"href":"https:\/\/staging.ivg.it\/ediapi\/wp\/v2\/media?parent=468812"}],"wp:term":[{"taxonomy":"category","embeddable":true,"href":"https:\/\/staging.ivg.it\/ediapi\/wp\/v2\/categories?post=468812"},{"taxonomy":"post_tag","embeddable":true,"href":"https:\/\/staging.ivg.it\/ediapi\/wp\/v2\/tags?post=468812"}],"curies":[{"name":"wp","href":"https:\/\/api.w.org\/{rel}","templated":true}]}}